{"id":2010440,"date":"2025-05-22T08:30:43","date_gmt":"2025-05-22T08:30:43","guid":{"rendered":"https:\/\/orgel.alt-pankow.de\/?p=2010440"},"modified":"2025-07-08T13:00:06","modified_gmt":"2025-07-08T13:00:06","slug":"mittwoch-10-september-%c2%b7-19-uhr","status":"publish","type":"post","link":"https:\/\/orgel.alt-pankow.de\/?p=2010440","title":{"rendered":"Mittwoch, 10. September \u00b7 19 Uhr"},"content":{"rendered":"\n<h1 class=\"wp-block-heading\">Orgelkonzert mit Tom Rioult \u00b7 Frankreich<\/h1>\n\n\n\n<h1 class=\"wp-block-heading\">\u00bbChant de Paix\u00ab (Gesang des Friedens)<\/h1>\n\n\n\n<h3 class=\"wp-block-heading\">Werke von Bach, Jehan Alain, Durufl\u00e9 und Langlais<\/h3>\n\n\n\n<p>Die klagenden \u00bbLitanies\u00ab\u00a0sind das wohl bekannteste Orgelwerk des franz\u00f6sischen Komponisten\u00a0Jehan Alain (1911-1940).\u00a01939 wurde er zum Krieg einberufen und fiel 29-j\u00e4hrig. Er hinterlie\u00df eine Frau und drei kleine Kinder. Maurice Durufl\u00e9 (1902-1986) komponierte als Nachruf das \u00bbPr\u00e9lude and Fugue on A-L-A-I-N\u00ab. Tom Rioult umrahmt diese Werke mit Johann Sebastian Bachs Fantaisie und Fuge g-moll und Jean Langlais&#8216; \u00bbChant de Paix\u00ab.<\/p>\n\n\n\n<hr class=\"wp-block-separator has-alpha-channel-opacity\"\/>\n\n\n\n<p><strong>Tom Rioult<\/strong>, geboren 1997, ist Preistr\u00e4ger internationaler Orgelwettbewerbe in Freiburg, Saint-Maurice, Vicenza, Armagh, Saint-Albans, Atlanta, Miami und Seoul. Er studierte am Konservatorium von Caen (Normandie) Posaune und Orgel. Am Lyoner Konservatorium folgte das Orgel-Masterstudium. Derzeit ist Tom Rioult Titularorganist der Cavaill\u00e9-Coll-Orgel in der Kathedrale von Lisieux (Normandie). Au\u00dferdem unterrichtet er Orgel am Konservatorium von Lisieux und verfolgt eine rege Konzertt\u00e4tigkeit.<\/p>\n\n\n\n<hr class=\"wp-block-separator has-alpha-channel-opacity\"\/>\n\n\n\n<p>Eintritt frei. Kollekte am Ausgang.<\/p>\n","protected":false},"excerpt":{"rendered":"<p>Orgelkonzert mit Tom Rioult \u00b7 Frankreich \u00bbChant de Paix\u00ab (Gesang des Friedens) Werke von Bach, Jehan Alain, Durufl\u00e9 und Langlais Die klagenden \u00bbLitanies\u00ab\u00a0sind&hellip;<\/p>\n","protected":false},"author":2,"featured_media":2010443,"comment_status":"closed","ping_status":"closed","sticky":false,"template":"","format":"standard","meta":{"spay_email":"","footnotes":"","jetpack_publicize_message":""},"categories":[386],"tags":[],"class_list":["post-2010440","post","type-post","status-publish","format-standard","has-post-thumbnail","hentry","category-orgelherbst-2025"],"jetpack_featured_media_url":"https:\/\/orgel.alt-pankow.de\/wp-content\/uploads\/2025\/05\/Tom_rioult.jpg","jetpack_publicize_connections":[],"jetpack_sharing_enabled":true,"jetpack_shortlink":"https:\/\/wp.me\/paVTHW-8r0s","_links":{"self":[{"href":"https:\/\/orgel.alt-pankow.de\/index.php?rest_route=\/wp\/v2\/posts\/2010440","targetHints":{"allow":["GET"]}}],"collection":[{"href":"https:\/\/orgel.alt-pankow.de\/index.php?rest_route=\/wp\/v2\/posts"}],"about":[{"href":"https:\/\/orgel.alt-pankow.de\/index.php?rest_route=\/wp\/v2\/types\/post"}],"author":[{"embeddable":true,"href":"https:\/\/orgel.alt-pankow.de\/index.php?rest_route=\/wp\/v2\/users\/2"}],"replies":[{"embeddable":true,"href":"https:\/\/orgel.alt-pankow.de\/index.php?rest_route=%2Fwp%2Fv2%2Fcomments&post=2010440"}],"version-history":[{"count":3,"href":"https:\/\/orgel.alt-pankow.de\/index.php?rest_route=\/wp\/v2\/posts\/2010440\/revisions"}],"predecessor-version":[{"id":2010464,"href":"https:\/\/orgel.alt-pankow.de\/index.php?rest_route=\/wp\/v2\/posts\/2010440\/revisions\/2010464"}],"wp:featuredmedia":[{"embeddable":true,"href":"https:\/\/orgel.alt-pankow.de\/index.php?rest_route=\/wp\/v2\/media\/2010443"}],"wp:attachment":[{"href":"https:\/\/orgel.alt-pankow.de\/index.php?rest_route=%2Fwp%2Fv2%2Fmedia&parent=2010440"}],"wp:term":[{"taxonomy":"category","embeddable":true,"href":"https:\/\/orgel.alt-pankow.de\/index.php?rest_route=%2Fwp%2Fv2%2Fcategories&post=2010440"},{"taxonomy":"post_tag","embeddable":true,"href":"https:\/\/orgel.alt-pankow.de\/index.php?rest_route=%2Fwp%2Fv2%2Ftags&post=2010440"}],"curies":[{"name":"wp","href":"https:\/\/api.w.org\/{rel}","templated":true}]}}