{"id":2010327,"date":"2024-07-08T08:09:35","date_gmt":"2024-07-08T08:09:35","guid":{"rendered":"https:\/\/orgel.alt-pankow.de\/?p=2010327"},"modified":"2024-07-08T08:12:22","modified_gmt":"2024-07-08T08:12:22","slug":"balys-vaitkusvilnius-litauen","status":"publish","type":"post","link":"https:\/\/orgel.alt-pankow.de\/?p=2010327","title":{"rendered":"4. September \u00b7 19 Uhr<br>Balys Vaitkus<br>(Vilnius, Litauen)"},"content":{"rendered":"\n<h1 class=\"wp-block-heading\">Musikalische Zeitreise<\/h1>\n\n\n\n<p>Werke von Corelli, Naujalis, Bartulis, Mozart und Bach<\/p>\n\n\n\n<p>Um die reiche Klangwelt der Pankower Orgel auszuloten, verbindet Balys Vaitkus in seinem Programm die Musik verschiedener Epochen und Regionen vom deutschen Barock bis zur litauischen Moderne. In das Programm flicht er zwei litauische Komponisten ein: Juozas Naujalis, den \u00bbVater\u00ab der traditionellen litauischen Orgelmusik, und&nbsp;Vidmantas Bartulis, einen zeitgen\u00f6ssischen K\u00fcnstler mit einem starkem Bezug zu Johann Sebastian Bach.<\/p>\n\n\n\n<p>Balys Vaitkus blickt auf eine fast 40-j\u00e4hrige Karriere zur\u00fcck. Der Preistr\u00e4ger internationaler Orgelwettbewerbe studierte in Vilnius, L\u00fcbeck und Prag; sein Repertoire \u00fcberspannt alle Epochen. Besonders widmet er sich dem litauischen Orgelerbe. Vaitkus ist Professor f\u00fcr Orgel und Cembalo an der Litauischen Musik- und Theaterakademie sowie Vorsitzender des Nationalen Organistenverbands Litauens.<\/p>\n\n\n\n<hr class=\"wp-block-separator\"\/>\n\n\n\n<p>Eintritt frei. Kollekte am Ausgang<\/p>\n\n\n\n<figure class=\"wp-block-image size-full\"><img loading=\"lazy\" decoding=\"async\" width=\"800\" height=\"126\" src=\"https:\/\/orgel.alt-pankow.de\/wp-content\/uploads\/2024\/07\/streifen.jpg\" alt=\"\" class=\"wp-image-2010311\" srcset=\"https:\/\/orgel.alt-pankow.de\/wp-content\/uploads\/2024\/07\/streifen.jpg 800w, https:\/\/orgel.alt-pankow.de\/wp-content\/uploads\/2024\/07\/streifen-300x47.jpg 300w, https:\/\/orgel.alt-pankow.de\/wp-content\/uploads\/2024\/07\/streifen-768x121.jpg 768w, https:\/\/orgel.alt-pankow.de\/wp-content\/uploads\/2024\/07\/streifen-790x124.jpg 790w\" sizes=\"auto, (max-width: 800px) 100vw, 800px\" \/><\/figure>\n","protected":false},"excerpt":{"rendered":"<p>Musikalische Zeitreise Werke von Corelli, Naujalis, Bartulis, Mozart und Bach Um die reiche Klangwelt der Pankower Orgel auszuloten, verbindet Balys Vaitkus in seinem&hellip;<\/p>\n","protected":false},"author":2,"featured_media":2010305,"comment_status":"closed","ping_status":"closed","sticky":false,"template":"","format":"standard","meta":{"spay_email":"","footnotes":"","jetpack_publicize_message":""},"categories":[384],"tags":[],"class_list":["post-2010327","post","type-post","status-publish","format-standard","has-post-thumbnail","hentry","category-orgelherbst-2024"],"jetpack_featured_media_url":"https:\/\/orgel.alt-pankow.de\/wp-content\/uploads\/2024\/07\/Vaitkus_.jpg","jetpack_publicize_connections":[],"jetpack_sharing_enabled":true,"jetpack_shortlink":"https:\/\/wp.me\/paVTHW-8qYD","_links":{"self":[{"href":"https:\/\/orgel.alt-pankow.de\/index.php?rest_route=\/wp\/v2\/posts\/2010327","targetHints":{"allow":["GET"]}}],"collection":[{"href":"https:\/\/orgel.alt-pankow.de\/index.php?rest_route=\/wp\/v2\/posts"}],"about":[{"href":"https:\/\/orgel.alt-pankow.de\/index.php?rest_route=\/wp\/v2\/types\/post"}],"author":[{"embeddable":true,"href":"https:\/\/orgel.alt-pankow.de\/index.php?rest_route=\/wp\/v2\/users\/2"}],"replies":[{"embeddable":true,"href":"https:\/\/orgel.alt-pankow.de\/index.php?rest_route=%2Fwp%2Fv2%2Fcomments&post=2010327"}],"version-history":[{"count":3,"href":"https:\/\/orgel.alt-pankow.de\/index.php?rest_route=\/wp\/v2\/posts\/2010327\/revisions"}],"predecessor-version":[{"id":2010334,"href":"https:\/\/orgel.alt-pankow.de\/index.php?rest_route=\/wp\/v2\/posts\/2010327\/revisions\/2010334"}],"wp:featuredmedia":[{"embeddable":true,"href":"https:\/\/orgel.alt-pankow.de\/index.php?rest_route=\/wp\/v2\/media\/2010305"}],"wp:attachment":[{"href":"https:\/\/orgel.alt-pankow.de\/index.php?rest_route=%2Fwp%2Fv2%2Fmedia&parent=2010327"}],"wp:term":[{"taxonomy":"category","embeddable":true,"href":"https:\/\/orgel.alt-pankow.de\/index.php?rest_route=%2Fwp%2Fv2%2Fcategories&post=2010327"},{"taxonomy":"post_tag","embeddable":true,"href":"https:\/\/orgel.alt-pankow.de\/index.php?rest_route=%2Fwp%2Fv2%2Ftags&post=2010327"}],"curies":[{"name":"wp","href":"https:\/\/api.w.org\/{rel}","templated":true}]}}