{"id":2010319,"date":"2024-07-08T08:05:10","date_gmt":"2024-07-08T08:05:10","guid":{"rendered":"https:\/\/orgel.alt-pankow.de\/?p=2010319"},"modified":"2024-07-08T08:14:31","modified_gmt":"2024-07-08T08:14:31","slug":"hans-ola-ericsson-schweden","status":"publish","type":"post","link":"https:\/\/orgel.alt-pankow.de\/?p=2010319","title":{"rendered":"25. September \u00b7 19 Uhr<br>Hans-Ola Ericsson<br> (Schweden)"},"content":{"rendered":"\n<h1 class=\"wp-block-heading\">Barocke Nordlichter<\/h1>\n\n\n\n<p><strong>Werke von Buxtehude, Bruhns, L\u00fcbeck, Sweelink u. a<\/strong>.<\/p>\n\n\n\n<p>Die Orgelmusik des 17. und 18. Jahrhundert aus Norddeutschland klingt deutlich expressiver als aus anderen Regionen. In den reichen Hansest\u00e4dten hatte sich bereits ein Konzertleben jenseits der gottesdienstlichen Musik etabliert. F\u00fcr diesen Zweck waren die Orgeln \u2013 mit vielen Impulsen aus Holland \u2013 anders dimensioniert als in Mittel- und S\u00fcddeutschland und pr\u00e4destiniert f\u00fcr das konzertante Solospiel. Die Werke spiegeln es wider: Sie strahlen mit k\u00fchnen Harmonien, vielen Pedalsoli und gro\u00dfer Virtuosit\u00e4t.<\/p>\n\n\n\n<p>Hans-Ola Ericsson geh\u00f6rt zu den gefragtesten K\u00fcnstlern der internationalen Orgelszene. Er ist regelm\u00e4\u00dfiger Gast des Pankower Orgelherbstes und sch\u00e4tzt die Wegscheider\/Buchholzorgel au\u00dferordentlich. Mit ganz unterschiedlichen Programmen seiner meisterhaften Interpretationen von der fr\u00fchen bis zur zeitgen\u00f6ssischen Musik begeistert er sein Publikum immer wieder aufs Neue.<\/p>\n\n\n\n<hr class=\"wp-block-separator\"\/>\n\n\n\n<p>Eintritt frei. Kollekte am Ausgang<\/p>\n\n\n\n<figure class=\"wp-block-image size-full\"><img loading=\"lazy\" decoding=\"async\" width=\"800\" height=\"126\" src=\"https:\/\/orgel.alt-pankow.de\/wp-content\/uploads\/2024\/07\/streifen.jpg\" alt=\"\" class=\"wp-image-2010311\" srcset=\"https:\/\/orgel.alt-pankow.de\/wp-content\/uploads\/2024\/07\/streifen.jpg 800w, https:\/\/orgel.alt-pankow.de\/wp-content\/uploads\/2024\/07\/streifen-300x47.jpg 300w, https:\/\/orgel.alt-pankow.de\/wp-content\/uploads\/2024\/07\/streifen-768x121.jpg 768w, https:\/\/orgel.alt-pankow.de\/wp-content\/uploads\/2024\/07\/streifen-790x124.jpg 790w\" sizes=\"auto, (max-width: 800px) 100vw, 800px\" \/><\/figure>\n","protected":false},"excerpt":{"rendered":"<p>Barocke Nordlichter Werke von Buxtehude, Bruhns, L\u00fcbeck, Sweelink u. a. Die Orgelmusik des 17. und 18. Jahrhundert aus Norddeutschland klingt deutlich expressiver als&hellip;<\/p>\n","protected":false},"author":2,"featured_media":2010188,"comment_status":"closed","ping_status":"closed","sticky":false,"template":"","format":"standard","meta":{"spay_email":"","footnotes":"","jetpack_publicize_message":""},"categories":[384],"tags":[],"class_list":["post-2010319","post","type-post","status-publish","format-standard","has-post-thumbnail","hentry","category-orgelherbst-2024"],"jetpack_featured_media_url":"https:\/\/orgel.alt-pankow.de\/wp-content\/uploads\/2023\/06\/ericcson.jpg","jetpack_publicize_connections":[],"jetpack_sharing_enabled":true,"jetpack_shortlink":"https:\/\/wp.me\/paVTHW-8qYv","_links":{"self":[{"href":"https:\/\/orgel.alt-pankow.de\/index.php?rest_route=\/wp\/v2\/posts\/2010319","targetHints":{"allow":["GET"]}}],"collection":[{"href":"https:\/\/orgel.alt-pankow.de\/index.php?rest_route=\/wp\/v2\/posts"}],"about":[{"href":"https:\/\/orgel.alt-pankow.de\/index.php?rest_route=\/wp\/v2\/types\/post"}],"author":[{"embeddable":true,"href":"https:\/\/orgel.alt-pankow.de\/index.php?rest_route=\/wp\/v2\/users\/2"}],"replies":[{"embeddable":true,"href":"https:\/\/orgel.alt-pankow.de\/index.php?rest_route=%2Fwp%2Fv2%2Fcomments&post=2010319"}],"version-history":[{"count":3,"href":"https:\/\/orgel.alt-pankow.de\/index.php?rest_route=\/wp\/v2\/posts\/2010319\/revisions"}],"predecessor-version":[{"id":2010338,"href":"https:\/\/orgel.alt-pankow.de\/index.php?rest_route=\/wp\/v2\/posts\/2010319\/revisions\/2010338"}],"wp:featuredmedia":[{"embeddable":true,"href":"https:\/\/orgel.alt-pankow.de\/index.php?rest_route=\/wp\/v2\/media\/2010188"}],"wp:attachment":[{"href":"https:\/\/orgel.alt-pankow.de\/index.php?rest_route=%2Fwp%2Fv2%2Fmedia&parent=2010319"}],"wp:term":[{"taxonomy":"category","embeddable":true,"href":"https:\/\/orgel.alt-pankow.de\/index.php?rest_route=%2Fwp%2Fv2%2Fcategories&post=2010319"},{"taxonomy":"post_tag","embeddable":true,"href":"https:\/\/orgel.alt-pankow.de\/index.php?rest_route=%2Fwp%2Fv2%2Ftags&post=2010319"}],"curies":[{"name":"wp","href":"https:\/\/api.w.org\/{rel}","templated":true}]}}