{"id":2010172,"date":"2023-06-27T15:03:00","date_gmt":"2023-06-27T15:03:00","guid":{"rendered":"https:\/\/orgel.alt-pankow.de\/?p=2010172"},"modified":"2023-06-29T08:34:14","modified_gmt":"2023-06-29T08:34:14","slug":"mittwoch-20-september19-uhr","status":"publish","type":"post","link":"https:\/\/orgel.alt-pankow.de\/?p=2010172","title":{"rendered":"Mittwoch, 20. September<br>19 Uhr \u00b7 Bal\u00e1zs Szab\u00f3 (Budapest)"},"content":{"rendered":"\n<h1 class=\"has-text-align-center wp-block-heading\"><mark style=\"background-color:rgba(0, 0, 0, 0);color:#bf0101\" class=\"has-inline-color\">Drehpunkt Liszt<\/mark><\/h1>\n\n\n\n<h3 class=\"has-text-align-center wp-block-heading\"><mark style=\"background-color:rgba(0, 0, 0, 0);color:#a50303\" class=\"has-inline-color\">Werke von Johann Sebastian Bach, Franz Liszt und Christian Fink<\/mark><\/h3>\n\n\n\n<figure class=\"wp-block-image size-large is-resized\"><img loading=\"lazy\" decoding=\"async\" src=\"https:\/\/orgel.alt-pankow.de\/wp-content\/uploads\/2023\/06\/oh_streifen_2023_1-3-1024x12.jpg\" alt=\"\" class=\"wp-image-2010173\" width=\"833\" height=\"9\" srcset=\"https:\/\/orgel.alt-pankow.de\/wp-content\/uploads\/2023\/06\/oh_streifen_2023_1-3-1024x12.jpg 1024w, https:\/\/orgel.alt-pankow.de\/wp-content\/uploads\/2023\/06\/oh_streifen_2023_1-3-300x3.jpg 300w, https:\/\/orgel.alt-pankow.de\/wp-content\/uploads\/2023\/06\/oh_streifen_2023_1-3-768x9.jpg 768w, https:\/\/orgel.alt-pankow.de\/wp-content\/uploads\/2023\/06\/oh_streifen_2023_1-3-790x9.jpg 790w, https:\/\/orgel.alt-pankow.de\/wp-content\/uploads\/2023\/06\/oh_streifen_2023_1-3.jpg 1400w\" sizes=\"auto, (max-width: 833px) 100vw, 833px\" \/><\/figure>\n\n\n\n<p>Bal\u00e1zs Szab\u00f3 stammt aus Miskolc, Ungarn. Er studierte Orgel an der von Ferenc Liszt gegr\u00fcndeten Musikakademie in Budapest, in W\u00fcrzburg, Trossingen und Rom. Parallel wurde er \u00bbOrganExpert\u00ab und ist heute als Orgelsachverst\u00e4ndiger europaweit t\u00e4tig. 2015 promovierte er \u00fcber Max Regers Orgelschaffen. Seit 2011 unterrichtet Szab\u00f3 an der Ferenc-Liszt-Musikuniversit\u00e4t und am B\u00e9la- Bart\u00f3k-Konservatorium Budapest. Der Preistr\u00e4ger internationaler Orgelwettbewerbe gastiert weltweit als Organist, Pianist und Cembalist.<\/p>\n\n\n\n<hr class=\"wp-block-separator\"\/>\n\n\n\n<p class=\"has-text-align-center\">Eintritt frei!<br>Wir bitten um Spenden f\u00fcr die Orgel.<\/p>\n\n\n\n<figure class=\"wp-block-image size-large\"><img loading=\"lazy\" decoding=\"async\" width=\"1024\" height=\"12\" src=\"https:\/\/orgel.alt-pankow.de\/wp-content\/uploads\/2023\/06\/oh_streifen_2023_1-3-1024x12.jpg\" alt=\"\" class=\"wp-image-2010173\" srcset=\"https:\/\/orgel.alt-pankow.de\/wp-content\/uploads\/2023\/06\/oh_streifen_2023_1-3-1024x12.jpg 1024w, https:\/\/orgel.alt-pankow.de\/wp-content\/uploads\/2023\/06\/oh_streifen_2023_1-3-300x3.jpg 300w, https:\/\/orgel.alt-pankow.de\/wp-content\/uploads\/2023\/06\/oh_streifen_2023_1-3-768x9.jpg 768w, https:\/\/orgel.alt-pankow.de\/wp-content\/uploads\/2023\/06\/oh_streifen_2023_1-3-1260x16.jpg 1260w, https:\/\/orgel.alt-pankow.de\/wp-content\/uploads\/2023\/06\/oh_streifen_2023_1-3-790x9.jpg 790w, https:\/\/orgel.alt-pankow.de\/wp-content\/uploads\/2023\/06\/oh_streifen_2023_1-3.jpg 1400w\" sizes=\"auto, (max-width: 1024px) 100vw, 1024px\" \/><\/figure>\n\n\n\n<p><br><\/p>\n","protected":false},"excerpt":{"rendered":"<p>Drehpunkt Liszt Werke von Johann Sebastian Bach, Franz Liszt und Christian Fink Bal\u00e1zs Szab\u00f3 stammt aus Miskolc, Ungarn. Er studierte Orgel an der&hellip;<\/p>\n","protected":false},"author":2,"featured_media":2010176,"comment_status":"closed","ping_status":"closed","sticky":false,"template":"","format":"standard","meta":{"spay_email":"","footnotes":"","jetpack_publicize_message":""},"categories":[382,1],"tags":[],"class_list":["post-2010172","post","type-post","status-publish","format-standard","has-post-thumbnail","hentry","category-orgelherbst-2023","category-uncategorized"],"jetpack_featured_media_url":"https:\/\/orgel.alt-pankow.de\/wp-content\/uploads\/2023\/06\/SzaboBalazs01.jpg","jetpack_publicize_connections":[],"jetpack_sharing_enabled":true,"jetpack_shortlink":"https:\/\/wp.me\/paVTHW-8qW8","_links":{"self":[{"href":"https:\/\/orgel.alt-pankow.de\/index.php?rest_route=\/wp\/v2\/posts\/2010172","targetHints":{"allow":["GET"]}}],"collection":[{"href":"https:\/\/orgel.alt-pankow.de\/index.php?rest_route=\/wp\/v2\/posts"}],"about":[{"href":"https:\/\/orgel.alt-pankow.de\/index.php?rest_route=\/wp\/v2\/types\/post"}],"author":[{"embeddable":true,"href":"https:\/\/orgel.alt-pankow.de\/index.php?rest_route=\/wp\/v2\/users\/2"}],"replies":[{"embeddable":true,"href":"https:\/\/orgel.alt-pankow.de\/index.php?rest_route=%2Fwp%2Fv2%2Fcomments&post=2010172"}],"version-history":[{"count":6,"href":"https:\/\/orgel.alt-pankow.de\/index.php?rest_route=\/wp\/v2\/posts\/2010172\/revisions"}],"predecessor-version":[{"id":2010234,"href":"https:\/\/orgel.alt-pankow.de\/index.php?rest_route=\/wp\/v2\/posts\/2010172\/revisions\/2010234"}],"wp:featuredmedia":[{"embeddable":true,"href":"https:\/\/orgel.alt-pankow.de\/index.php?rest_route=\/wp\/v2\/media\/2010176"}],"wp:attachment":[{"href":"https:\/\/orgel.alt-pankow.de\/index.php?rest_route=%2Fwp%2Fv2%2Fmedia&parent=2010172"}],"wp:term":[{"taxonomy":"category","embeddable":true,"href":"https:\/\/orgel.alt-pankow.de\/index.php?rest_route=%2Fwp%2Fv2%2Fcategories&post=2010172"},{"taxonomy":"post_tag","embeddable":true,"href":"https:\/\/orgel.alt-pankow.de\/index.php?rest_route=%2Fwp%2Fv2%2Ftags&post=2010172"}],"curies":[{"name":"wp","href":"https:\/\/api.w.org\/{rel}","templated":true}]}}