{"id":2010068,"date":"2022-10-24T13:05:00","date_gmt":"2022-10-24T13:05:00","guid":{"rendered":"https:\/\/orgel.alt-pankow.de\/?p=2010068"},"modified":"2023-11-08T10:09:47","modified_gmt":"2023-11-08T10:09:47","slug":"5-november-%c2%b7-19-30-uhr","status":"publish","type":"post","link":"https:\/\/orgel.alt-pankow.de\/?p=2010068","title":{"rendered":"5.11.2022 \u00b7 19.30 Uhr"},"content":{"rendered":"\n<p><strong>Benefizkonzert mit Ekkehard Saretz<\/strong><\/p>\n\n\n\n<p>Orgelmusik von Johann Sebastian Bach, Felix Mendelssohn Bartholdy und Johannes Brahms<\/p>\n\n\n\n<p><strong>Ekkehard Saretz<\/strong> war Organist und Kirchenmusikdirektor an der Stadtkirche St. Marien und der Schlosskirche Torgau, dem ersten, 1544 von Martin Luther eingeweihten evangelischen Kirchenneubau. Er leitete dort die Johann-Walter-Kantorei, die w\u00e4hrend der Reformation als erste evangelische Kantorei gegr\u00fcndet wurde, und organisierte ein umfangreiches Konzertprogramm.<\/p>\n\n\n\n<p>Konzertreisen f\u00fchrten ihn an die gro\u00dfen Orgeln Deutschlands, nach Frankreich, Polen, die Niederlande, Italien, die Schweiz, \u00d6sterreich, Finnland und Russland.<\/p>\n\n\n\n<p>Im November spielt er ein Benefizkonzert f\u00fcr unsere Orgel. Herzlich willkommen!<\/p>\n\n\n\n<hr class=\"wp-block-separator\"\/>\n\n\n\n<p>Eintritt frei! Wir sammeln f\u00fcr die neue Orgel!<\/p>\n","protected":false},"excerpt":{"rendered":"<p>Benefizkonzert mit Ekkehard Saretz Orgelmusik von Johann Sebastian Bach, Felix Mendelssohn Bartholdy und Johannes Brahms Ekkehard Saretz war Organist und Kirchenmusikdirektor an der&hellip;<\/p>\n","protected":false},"author":2,"featured_media":2010098,"comment_status":"closed","ping_status":"closed","sticky":false,"template":"","format":"standard","meta":{"spay_email":"","footnotes":"","jetpack_publicize_message":""},"categories":[33,48],"tags":[],"class_list":["post-2010068","post","type-post","status-publish","format-standard","has-post-thumbnail","hentry","category-benefiz","category-unterstuetzung"],"jetpack_featured_media_url":"https:\/\/orgel.alt-pankow.de\/wp-content\/uploads\/2022\/08\/ekkehard_saretz_plak.jpg","jetpack_publicize_connections":[],"jetpack_sharing_enabled":true,"jetpack_shortlink":"https:\/\/wp.me\/paVTHW-8qUs","_links":{"self":[{"href":"https:\/\/orgel.alt-pankow.de\/index.php?rest_route=\/wp\/v2\/posts\/2010068","targetHints":{"allow":["GET"]}}],"collection":[{"href":"https:\/\/orgel.alt-pankow.de\/index.php?rest_route=\/wp\/v2\/posts"}],"about":[{"href":"https:\/\/orgel.alt-pankow.de\/index.php?rest_route=\/wp\/v2\/types\/post"}],"author":[{"embeddable":true,"href":"https:\/\/orgel.alt-pankow.de\/index.php?rest_route=\/wp\/v2\/users\/2"}],"replies":[{"embeddable":true,"href":"https:\/\/orgel.alt-pankow.de\/index.php?rest_route=%2Fwp%2Fv2%2Fcomments&post=2010068"}],"version-history":[{"count":6,"href":"https:\/\/orgel.alt-pankow.de\/index.php?rest_route=\/wp\/v2\/posts\/2010068\/revisions"}],"predecessor-version":[{"id":2010294,"href":"https:\/\/orgel.alt-pankow.de\/index.php?rest_route=\/wp\/v2\/posts\/2010068\/revisions\/2010294"}],"wp:featuredmedia":[{"embeddable":true,"href":"https:\/\/orgel.alt-pankow.de\/index.php?rest_route=\/wp\/v2\/media\/2010098"}],"wp:attachment":[{"href":"https:\/\/orgel.alt-pankow.de\/index.php?rest_route=%2Fwp%2Fv2%2Fmedia&parent=2010068"}],"wp:term":[{"taxonomy":"category","embeddable":true,"href":"https:\/\/orgel.alt-pankow.de\/index.php?rest_route=%2Fwp%2Fv2%2Fcategories&post=2010068"},{"taxonomy":"post_tag","embeddable":true,"href":"https:\/\/orgel.alt-pankow.de\/index.php?rest_route=%2Fwp%2Fv2%2Ftags&post=2010068"}],"curies":[{"name":"wp","href":"https:\/\/api.w.org\/{rel}","templated":true}]}}