{"id":2009881,"date":"2022-06-07T09:50:01","date_gmt":"2022-06-07T09:50:01","guid":{"rendered":"https:\/\/orgel.alt-pankow.de\/?p=2009881"},"modified":"2022-06-13T14:28:44","modified_gmt":"2022-06-13T14:28:44","slug":"mittwoch-12-oktober19-uhr","status":"publish","type":"post","link":"https:\/\/orgel.alt-pankow.de\/?p=2009881","title":{"rendered":"Mittwoch, 12. Oktober<br>19 Uhr"},"content":{"rendered":"\n<h1 class=\"has-text-align-center wp-block-heading\"><mark style=\"background-color:rgba(0, 0, 0, 0);color:#09831f\" class=\"has-inline-color\">Krzysztof Urbaniak<\/mark><\/h1>\n\n\n\n<h3 class=\"has-text-align-center wp-block-heading\"><mark style=\"background-color:rgba(0, 0, 0, 0);color:#09831f\" class=\"has-inline-color\">\u0141\u00f3d\u017a, Polen<\/mark><\/h3>\n\n\n\n<div class=\"wp-block-image\"><figure class=\"aligncenter size-full\"><img loading=\"lazy\" decoding=\"async\" width=\"300\" height=\"5\" src=\"https:\/\/orgel.alt-pankow.de\/wp-content\/uploads\/2022\/06\/OH_2022_streifen2.jpg\" alt=\"\" class=\"wp-image-2009913\"\/><\/figure><\/div>\n\n\n\n<h1 class=\"has-text-align-center wp-block-heading\"><mark style=\"background-color:rgba(0, 0, 0, 0);color:#09831f\" class=\"has-inline-color\">\u00bbVon Bach bis Brahms\u00ab<\/mark><\/h1>\n\n\n\n<h3 class=\"has-text-align-center wp-block-heading\"><mark style=\"background-color:rgba(0, 0, 0, 0);color:#09831f\" class=\"has-inline-color\">Werke von Johann Sebastian Bach, Felix Mendelssohn Bartholdy und Johannes Brahms<\/mark><\/h3>\n\n\n\n<div style=\"height:48px\" aria-hidden=\"true\" class=\"wp-block-spacer\"><\/div>\n\n\n\n<p>Das Programm schl\u00e4gt eine Br\u00fccke von Bach bis Brahms und nimmt auf besondere Weise R\u00fccksicht auf die Rezeption der Bach\u2019schen Orgelwerke im 19. Jahrhundert.<br>Polyphone Formen, choralgebundene Kompositionen und freie Orgelwerke erklingen auf der Pankower Wegscheider\/Buchholz-Orgel mit Klangfarben, die den Organisten um 1850 bestens vertraut w\u00e4ren, und die zu einem gewissen Grad auch Johann Sebastian Bach erkennen w\u00fcrde.<br>Carl August Buchholz \u2013 die Inspiration f\u00fcr die Pankower Orgel \u2013 kann man also gleichzeitig als einen fortschrittlichen Orgelbauer sowie einen Fortschreiber der barocken Schule des Berliner Meisters Joachim Wagner bezeichnen.<\/p>\n\n\n\n<hr class=\"wp-block-separator\"\/>\n\n\n\n<p><strong>Krzysztof Urbaniak <\/strong>studierte Orgel und Cembalo an der Musikhochschule \u00bbFr\u00e9d\u00e9ric Chopin\u00ab in Warschau und an der Staatlichen Hochschule f\u00fcr Musik und Darstellende Kunst in Stuttgart. 2012 promovierte er an der Staatlichen Musikhochschule in Krak\u00f3w. Als Organist und Cembalist konzertierte er in vielen L\u00e4ndern Europas und in Japan. Krzysztof Urbaniak ist Spezialist f\u00fcr historische Auff\u00fchrungspraxis und Preistr\u00e4ger internationaler Orgelwettbewerbe an historischen Orgeln. Seine Expertise ist international bei der Restaurierung historischer Orgeln gefragt. Krzysztof Urbaniak wirkt als Professor f\u00fcr k\u00fcnstlerisches Orgelspiel, Improvisation und historische Orgelbaukunde an der Staatlichen Hochschule f\u00fcr Musik in \u0141\u00f3d\u017a.<br>Foto: Dariusz Kulesza<\/p>\n\n\n\n<div class=\"wp-block-image\"><figure class=\"aligncenter size-large\"><img loading=\"lazy\" decoding=\"async\" width=\"1024\" height=\"19\" src=\"https:\/\/orgel.alt-pankow.de\/wp-content\/uploads\/2022\/06\/OH_2022_streifen_1-1024x19.jpg\" alt=\"\" class=\"wp-image-2009910\" srcset=\"https:\/\/orgel.alt-pankow.de\/wp-content\/uploads\/2022\/06\/OH_2022_streifen_1-1024x19.jpg 1024w, https:\/\/orgel.alt-pankow.de\/wp-content\/uploads\/2022\/06\/OH_2022_streifen_1-300x5.jpg 300w, https:\/\/orgel.alt-pankow.de\/wp-content\/uploads\/2022\/06\/OH_2022_streifen_1-768x14.jpg 768w, https:\/\/orgel.alt-pankow.de\/wp-content\/uploads\/2022\/06\/OH_2022_streifen_1-1536x28.jpg 1536w, https:\/\/orgel.alt-pankow.de\/wp-content\/uploads\/2022\/06\/OH_2022_streifen_1-1500x27.jpg 1500w, https:\/\/orgel.alt-pankow.de\/wp-content\/uploads\/2022\/06\/OH_2022_streifen_1-790x14.jpg 790w, https:\/\/orgel.alt-pankow.de\/wp-content\/uploads\/2022\/06\/OH_2022_streifen_1.jpg 1589w\" sizes=\"auto, (max-width: 1024px) 100vw, 1024px\" \/><\/figure><\/div>\n\n\n\n<p class=\"has-text-align-center\">Eintritt frei!<br>Wir bitten um Spenden f\u00fcr die Orgel.<\/p>\n\n\n\n<hr class=\"wp-block-separator\"\/>\n\n\n\n<p><\/p>\n","protected":false},"excerpt":{"rendered":"<p>Krzysztof Urbaniak \u0141\u00f3d\u017a, Polen \u00bbVon Bach bis Brahms\u00ab Werke von Johann Sebastian Bach, Felix Mendelssohn Bartholdy und Johannes Brahms Das Programm schl\u00e4gt eine&hellip;<\/p>\n","protected":false},"author":2,"featured_media":2009984,"comment_status":"closed","ping_status":"closed","sticky":false,"template":"","format":"standard","meta":{"spay_email":"","footnotes":"","jetpack_publicize_message":""},"categories":[378],"tags":[],"class_list":["post-2009881","post","type-post","status-publish","format-standard","has-post-thumbnail","hentry","category-orgelherbst-2022"],"jetpack_featured_media_url":"https:\/\/orgel.alt-pankow.de\/wp-content\/uploads\/2022\/06\/URB_www.jpg","jetpack_publicize_connections":[],"jetpack_sharing_enabled":true,"jetpack_shortlink":"https:\/\/wp.me\/paVTHW-8qRr","_links":{"self":[{"href":"https:\/\/orgel.alt-pankow.de\/index.php?rest_route=\/wp\/v2\/posts\/2009881","targetHints":{"allow":["GET"]}}],"collection":[{"href":"https:\/\/orgel.alt-pankow.de\/index.php?rest_route=\/wp\/v2\/posts"}],"about":[{"href":"https:\/\/orgel.alt-pankow.de\/index.php?rest_route=\/wp\/v2\/types\/post"}],"author":[{"embeddable":true,"href":"https:\/\/orgel.alt-pankow.de\/index.php?rest_route=\/wp\/v2\/users\/2"}],"replies":[{"embeddable":true,"href":"https:\/\/orgel.alt-pankow.de\/index.php?rest_route=%2Fwp%2Fv2%2Fcomments&post=2009881"}],"version-history":[{"count":18,"href":"https:\/\/orgel.alt-pankow.de\/index.php?rest_route=\/wp\/v2\/posts\/2009881\/revisions"}],"predecessor-version":[{"id":2009985,"href":"https:\/\/orgel.alt-pankow.de\/index.php?rest_route=\/wp\/v2\/posts\/2009881\/revisions\/2009985"}],"wp:featuredmedia":[{"embeddable":true,"href":"https:\/\/orgel.alt-pankow.de\/index.php?rest_route=\/wp\/v2\/media\/2009984"}],"wp:attachment":[{"href":"https:\/\/orgel.alt-pankow.de\/index.php?rest_route=%2Fwp%2Fv2%2Fmedia&parent=2009881"}],"wp:term":[{"taxonomy":"category","embeddable":true,"href":"https:\/\/orgel.alt-pankow.de\/index.php?rest_route=%2Fwp%2Fv2%2Fcategories&post=2009881"},{"taxonomy":"post_tag","embeddable":true,"href":"https:\/\/orgel.alt-pankow.de\/index.php?rest_route=%2Fwp%2Fv2%2Ftags&post=2009881"}],"curies":[{"name":"wp","href":"https:\/\/api.w.org\/{rel}","templated":true}]}}