{"id":2009869,"date":"2022-06-07T10:00:18","date_gmt":"2022-06-07T10:00:18","guid":{"rendered":"https:\/\/orgel.alt-pankow.de\/?p=2009869"},"modified":"2022-09-30T08:23:02","modified_gmt":"2022-09-30T08:23:02","slug":"mittwoch-5-oktober19-uhr","status":"publish","type":"post","link":"https:\/\/orgel.alt-pankow.de\/?p=2009869","title":{"rendered":"Mittwoch, 5. Oktober<br>19 Uhr"},"content":{"rendered":"\n<h1 class=\"has-text-align-center wp-block-heading\"><mark style=\"background-color:rgba(0, 0, 0, 0);color:#b87204\" class=\"has-inline-color\">Holger Gehring<\/mark><\/h1>\n\n\n\n<h3 class=\"has-text-align-center wp-block-heading\"><mark style=\"background-color:rgba(0, 0, 0, 0);color:#b87204\" class=\"has-inline-color\">Kreuzkirche, Dresden<\/mark><\/h3>\n\n\n\n<div class=\"wp-block-image\"><figure class=\"aligncenter size-full\"><img loading=\"lazy\" decoding=\"async\" width=\"300\" height=\"5\" src=\"https:\/\/orgel.alt-pankow.de\/wp-content\/uploads\/2022\/06\/OH_2022_streifen2-1.jpg\" alt=\"\" class=\"wp-image-2009917\"\/><\/figure><\/div>\n\n\n\n<h1 class=\"has-text-align-center wp-block-heading\"><mark style=\"background-color:rgba(0, 0, 0, 0);color:#b87204\" class=\"has-inline-color\">\u00bbEine Reise durch die Orgelmusik\u00ab<\/mark><\/h1>\n\n\n\n<p class=\"has-text-align-center\"><\/p>\n\n\n\n<div style=\"height:50px\" aria-hidden=\"true\" class=\"wp-block-spacer\"><\/div>\n\n\n\n<p>F\u00fcr den erkrankten Martin Rost ist dankenswerterweise Holger Gehring kurzfristig eingesprungen. Er wird Teile des geplanten Programms von Martin Rost \u00fcbernehmen.<\/p>\n\n\n\n<hr class=\"wp-block-separator\"\/>\n\n\n\n<p><strong>Holger Gehring,<\/strong> 1969 in Bielefeld geboren, studierte Kirchenmusik in L\u00fcbeck und Stuttgart, k\u00fcnstlerisches Orgelspiel an der Musikhochschule Frankfurt und an der Solistenklasse in Stuttgart. Au\u00dferdem studierte er an der Schola Cantorum Generalbass und Alte Musik. Er belegte Meisterkurse und ist Preistr\u00e4ger nationaler und internationaler Wettbewerbe.<\/p>\n\n\n\n<p>2004 wurde er zum Kreuzorganisten an die Kreuzkirche Dresden berufen und 2005 zum Orgelsachverst\u00e4ndigen der Evangelisch-Lutherischen Landeskirche Sachsens ernannt.<\/p>\n\n\n\n<p>Seit 2017 ist er au\u00dferdem Custos der neuen Konzertsaalorgel im Kulturpalast Dresden. Dar\u00fcber hinaus unterrichtet Holger Gehring er an der Hochschule f\u00fcr Musik und der Hochschule f\u00fcr Kirchenmusik Dresden, beim Dresdner Kreuzchor und gibt Meisterkurse. Regelm\u00e4\u00dfig arbeitet er mit renommierten Orchestern zusammen und begleitet den Kreuzchor auf Konzertreisen. Eine rege solistische Konzertt\u00e4tigkeit als Organist und Cembalist f\u00fchrt ihn durch das In- und Ausland.<\/p>\n\n\n\n<div class=\"wp-block-image\"><figure class=\"aligncenter size-large\"><img loading=\"lazy\" decoding=\"async\" width=\"1024\" height=\"19\" src=\"https:\/\/orgel.alt-pankow.de\/wp-content\/uploads\/2022\/06\/OH_2022_streifen_1-1024x19.jpg\" alt=\"\" class=\"wp-image-2009910\" srcset=\"https:\/\/orgel.alt-pankow.de\/wp-content\/uploads\/2022\/06\/OH_2022_streifen_1-1024x19.jpg 1024w, https:\/\/orgel.alt-pankow.de\/wp-content\/uploads\/2022\/06\/OH_2022_streifen_1-300x5.jpg 300w, https:\/\/orgel.alt-pankow.de\/wp-content\/uploads\/2022\/06\/OH_2022_streifen_1-768x14.jpg 768w, https:\/\/orgel.alt-pankow.de\/wp-content\/uploads\/2022\/06\/OH_2022_streifen_1-1536x28.jpg 1536w, https:\/\/orgel.alt-pankow.de\/wp-content\/uploads\/2022\/06\/OH_2022_streifen_1-1500x27.jpg 1500w, https:\/\/orgel.alt-pankow.de\/wp-content\/uploads\/2022\/06\/OH_2022_streifen_1-790x14.jpg 790w, https:\/\/orgel.alt-pankow.de\/wp-content\/uploads\/2022\/06\/OH_2022_streifen_1.jpg 1589w\" sizes=\"auto, (max-width: 1024px) 100vw, 1024px\" \/><\/figure><\/div>\n\n\n\n<p class=\"has-text-align-center\">Eintritt frei!<br>Wir bitten um Spenden f\u00fcr die Orgel.<\/p>\n\n\n\n<hr class=\"wp-block-separator\"\/>\n","protected":false},"excerpt":{"rendered":"<p>Holger Gehring Kreuzkirche, Dresden \u00bbEine Reise durch die Orgelmusik\u00ab F\u00fcr den erkrankten Martin Rost ist dankenswerterweise Holger Gehring kurzfristig eingesprungen. Er wird Teile&hellip;<\/p>\n","protected":false},"author":2,"featured_media":2009406,"comment_status":"closed","ping_status":"closed","sticky":false,"template":"","format":"standard","meta":{"spay_email":"","footnotes":"","jetpack_publicize_message":""},"categories":[378],"tags":[],"class_list":["post-2009869","post","type-post","status-publish","format-standard","has-post-thumbnail","hentry","category-orgelherbst-2022"],"jetpack_featured_media_url":"https:\/\/orgel.alt-pankow.de\/wp-content\/uploads\/2021\/08\/Holger-Gehring-1-scaled.jpg","jetpack_publicize_connections":[],"jetpack_sharing_enabled":true,"jetpack_shortlink":"https:\/\/wp.me\/paVTHW-8qRf","_links":{"self":[{"href":"https:\/\/orgel.alt-pankow.de\/index.php?rest_route=\/wp\/v2\/posts\/2009869","targetHints":{"allow":["GET"]}}],"collection":[{"href":"https:\/\/orgel.alt-pankow.de\/index.php?rest_route=\/wp\/v2\/posts"}],"about":[{"href":"https:\/\/orgel.alt-pankow.de\/index.php?rest_route=\/wp\/v2\/types\/post"}],"author":[{"embeddable":true,"href":"https:\/\/orgel.alt-pankow.de\/index.php?rest_route=\/wp\/v2\/users\/2"}],"replies":[{"embeddable":true,"href":"https:\/\/orgel.alt-pankow.de\/index.php?rest_route=%2Fwp%2Fv2%2Fcomments&post=2009869"}],"version-history":[{"count":13,"href":"https:\/\/orgel.alt-pankow.de\/index.php?rest_route=\/wp\/v2\/posts\/2009869\/revisions"}],"predecessor-version":[{"id":2010096,"href":"https:\/\/orgel.alt-pankow.de\/index.php?rest_route=\/wp\/v2\/posts\/2009869\/revisions\/2010096"}],"wp:featuredmedia":[{"embeddable":true,"href":"https:\/\/orgel.alt-pankow.de\/index.php?rest_route=\/wp\/v2\/media\/2009406"}],"wp:attachment":[{"href":"https:\/\/orgel.alt-pankow.de\/index.php?rest_route=%2Fwp%2Fv2%2Fmedia&parent=2009869"}],"wp:term":[{"taxonomy":"category","embeddable":true,"href":"https:\/\/orgel.alt-pankow.de\/index.php?rest_route=%2Fwp%2Fv2%2Fcategories&post=2009869"},{"taxonomy":"post_tag","embeddable":true,"href":"https:\/\/orgel.alt-pankow.de\/index.php?rest_route=%2Fwp%2Fv2%2Ftags&post=2009869"}],"curies":[{"name":"wp","href":"https:\/\/api.w.org\/{rel}","templated":true}]}}