{"id":2009866,"date":"2022-06-07T10:05:44","date_gmt":"2022-06-07T10:05:44","guid":{"rendered":"https:\/\/orgel.alt-pankow.de\/?p=2009866"},"modified":"2022-06-13T14:26:07","modified_gmt":"2022-06-13T14:26:07","slug":"mittwoch-28-september19-uhr","status":"publish","type":"post","link":"https:\/\/orgel.alt-pankow.de\/?p=2009866","title":{"rendered":"Mittwoch, 28. September<br>19 Uhr"},"content":{"rendered":"\n<h1 class=\"has-text-align-center wp-block-heading\"><mark style=\"background-color:rgba(0, 0, 0, 0);color:#8977b2\" class=\"has-inline-color\">Liene A.\u2009Kalnciema<\/mark><\/h1>\n\n\n\n<h3 class=\"has-text-align-center wp-block-heading\"><mark style=\"background-color:rgba(0, 0, 0, 0);color:#8977b2\" class=\"has-inline-color\">Riga, Lettland<\/mark><\/h3>\n\n\n\n<div class=\"wp-block-image\"><figure class=\"aligncenter size-full\"><img loading=\"lazy\" decoding=\"async\" width=\"300\" height=\"5\" src=\"https:\/\/orgel.alt-pankow.de\/wp-content\/uploads\/2022\/06\/OH_2022_streifen4.jpg\" alt=\"\" class=\"wp-image-2009926\"\/><\/figure><\/div>\n\n\n\n<h1 class=\"wp-block-heading\"><mark style=\"background-color:rgba(0, 0, 0, 0);color:#8977b2\" class=\"has-inline-color\">\u00bbSingend, t\u00e4nzerisch und sph\u00e4risch\u2026\u00ab<\/mark><\/h1>\n\n\n\n<h3 class=\"has-text-align-center wp-block-heading\"><mark style=\"background-color:rgba(0, 0, 0, 0);color:#8977b2\" class=\"has-inline-color\">Werke von Antonio Vivaldi, Jan P. Sweelinck, Samuel Scheidt, Tielman Susato, Mar\u0123eris Zari\u0146\u0161, Romualds Kalsons u.a.<\/mark><\/h3>\n\n\n\n<div style=\"height:52px\" aria-hidden=\"true\" class=\"wp-block-spacer\"><\/div>\n\n\n\n<p>Einen weiten musikalischen Bogen spannt die lettische Organistin Liene Andreta Kalnciema mit ihrem Programm, um die klangliche Vielfalt der Pankower Orgel auszuloten. Von 1651 stammen die Renaissance-T\u00e4nze des fl\u00e4mischen Komponisten Tielman Susato, die uns einen Eindruck von der Volksmusik dieser Zeit verschaffen. Zwischen Werken von Vivaldi, Scheidt und Buxtehude flicht die Organistin zeitgen\u00f6ssische Orgelkompositionen aus ihrer lettischen Heimat ein, wie das klanggewaltige Prelude (1984) von Romualds Kalsons und das beinah sph\u00e4rische Aglona (1983) von Romualds Jermaks.<\/p>\n\n\n\n<hr class=\"wp-block-separator\"\/>\n\n\n\n<p><strong>Liene Andretta Kalnciema<\/strong> geh\u00f6rt zu den herausragenden lettischen Organisten ihrer Generation. Davon zeugen h\u00f6chste Auszeichnungen bei internationalen Wettbewerben und ihre rege Konzertt\u00e4tigkeit in ganz Europa und den USA auf historischen und modernen Instrumenten. Sie studierte Klavier in Lettland und Estland, Orgelspiel an der Lettischen Musikakademie Jazeps Vtols in Riga und belegte internationale Meisterkurse. Regelm\u00e4\u00dfig arbeitet sie mit Ch\u00f6ren, Ensembles und Solisten zusammen. Seit 2006 ist sie Organistin der Evangelisch-Lutherischen Martinskirche in Riga und seit 2009 Dozentin an der Lettischen Musikakademie.<\/p>\n\n\n\n<div class=\"wp-block-image\"><figure class=\"aligncenter size-full\"><img loading=\"lazy\" decoding=\"async\" width=\"900\" height=\"14\" src=\"https:\/\/orgel.alt-pankow.de\/wp-content\/uploads\/2022\/06\/OH_2022_streifen6.jpg\" alt=\"\" class=\"wp-image-2009931\" srcset=\"https:\/\/orgel.alt-pankow.de\/wp-content\/uploads\/2022\/06\/OH_2022_streifen6.jpg 900w, https:\/\/orgel.alt-pankow.de\/wp-content\/uploads\/2022\/06\/OH_2022_streifen6-300x5.jpg 300w, https:\/\/orgel.alt-pankow.de\/wp-content\/uploads\/2022\/06\/OH_2022_streifen6-768x12.jpg 768w, https:\/\/orgel.alt-pankow.de\/wp-content\/uploads\/2022\/06\/OH_2022_streifen6-880x14.jpg 880w, https:\/\/orgel.alt-pankow.de\/wp-content\/uploads\/2022\/06\/OH_2022_streifen6-790x12.jpg 790w\" sizes=\"auto, (max-width: 900px) 100vw, 900px\" \/><\/figure><\/div>\n\n\n\n<p class=\"has-text-align-center\">Eintritt frei!<br>Wir bitten um Spenden f\u00fcr die Orgel.<\/p>\n\n\n\n<hr class=\"wp-block-separator\"\/>\n","protected":false},"excerpt":{"rendered":"<p>Liene A.\u2009Kalnciema Riga, Lettland \u00bbSingend, t\u00e4nzerisch und sph\u00e4risch\u2026\u00ab Werke von Antonio Vivaldi, Jan P. Sweelinck, Samuel Scheidt, Tielman Susato, Mar\u0123eris Zari\u0146\u0161, Romualds Kalsons&hellip;<\/p>\n","protected":false},"author":2,"featured_media":2009981,"comment_status":"closed","ping_status":"closed","sticky":false,"template":"","format":"standard","meta":{"spay_email":"","footnotes":"","jetpack_publicize_message":""},"categories":[378],"tags":[],"class_list":["post-2009866","post","type-post","status-publish","format-standard","has-post-thumbnail","hentry","category-orgelherbst-2022"],"jetpack_featured_media_url":"https:\/\/orgel.alt-pankow.de\/wp-content\/uploads\/2022\/06\/LAKalnciema_www.jpg","jetpack_publicize_connections":[],"jetpack_sharing_enabled":true,"jetpack_shortlink":"https:\/\/wp.me\/paVTHW-8qRc","_links":{"self":[{"href":"https:\/\/orgel.alt-pankow.de\/index.php?rest_route=\/wp\/v2\/posts\/2009866","targetHints":{"allow":["GET"]}}],"collection":[{"href":"https:\/\/orgel.alt-pankow.de\/index.php?rest_route=\/wp\/v2\/posts"}],"about":[{"href":"https:\/\/orgel.alt-pankow.de\/index.php?rest_route=\/wp\/v2\/types\/post"}],"author":[{"embeddable":true,"href":"https:\/\/orgel.alt-pankow.de\/index.php?rest_route=\/wp\/v2\/users\/2"}],"replies":[{"embeddable":true,"href":"https:\/\/orgel.alt-pankow.de\/index.php?rest_route=%2Fwp%2Fv2%2Fcomments&post=2009866"}],"version-history":[{"count":6,"href":"https:\/\/orgel.alt-pankow.de\/index.php?rest_route=\/wp\/v2\/posts\/2009866\/revisions"}],"predecessor-version":[{"id":2009932,"href":"https:\/\/orgel.alt-pankow.de\/index.php?rest_route=\/wp\/v2\/posts\/2009866\/revisions\/2009932"}],"wp:featuredmedia":[{"embeddable":true,"href":"https:\/\/orgel.alt-pankow.de\/index.php?rest_route=\/wp\/v2\/media\/2009981"}],"wp:attachment":[{"href":"https:\/\/orgel.alt-pankow.de\/index.php?rest_route=%2Fwp%2Fv2%2Fmedia&parent=2009866"}],"wp:term":[{"taxonomy":"category","embeddable":true,"href":"https:\/\/orgel.alt-pankow.de\/index.php?rest_route=%2Fwp%2Fv2%2Fcategories&post=2009866"},{"taxonomy":"post_tag","embeddable":true,"href":"https:\/\/orgel.alt-pankow.de\/index.php?rest_route=%2Fwp%2Fv2%2Ftags&post=2009866"}],"curies":[{"name":"wp","href":"https:\/\/api.w.org\/{rel}","templated":true}]}}