{"id":2009857,"date":"2022-06-07T10:10:30","date_gmt":"2022-06-07T10:10:30","guid":{"rendered":"https:\/\/orgel.alt-pankow.de\/?p=2009857"},"modified":"2022-06-13T14:24:33","modified_gmt":"2022-06-13T14:24:33","slug":"mittwoch-21-september19-uhr","status":"publish","type":"post","link":"https:\/\/orgel.alt-pankow.de\/?p=2009857","title":{"rendered":"Mittwoch, 21. September<br>19 Uhr"},"content":{"rendered":"\n<h1 class=\"has-text-align-center wp-block-heading\"><mark style=\"background-color:rgba(0, 0, 0, 0);color:#4f9dc4\" class=\"has-inline-color\">Xaver Schult<\/mark><\/h1>\n\n\n\n<h3 class=\"has-text-align-center wp-block-heading\"><mark style=\"background-color:rgba(0, 0, 0, 0);color:#4f9dc4\" class=\"has-inline-color\">Berlin<\/mark><\/h3>\n\n\n\n<div class=\"wp-block-image\"><figure class=\"aligncenter size-full is-resized\"><img loading=\"lazy\" decoding=\"async\" src=\"https:\/\/orgel.alt-pankow.de\/wp-content\/uploads\/2022\/06\/OH_2022_streifen4.jpg\" alt=\"\" class=\"wp-image-2009926\" width=\"300\" height=\"5\"\/><\/figure><\/div>\n\n\n\n<h1 class=\"has-text-align-center wp-block-heading\"><mark style=\"background-color:rgba(0, 0, 0, 0);color:#4f9dc4\" class=\"has-inline-color\">\u00bbIm Dialog:<br>Frankreich und Deutschland\u00ab<\/mark><\/h1>\n\n\n\n<h3 class=\"has-text-align-center wp-block-heading\"><mark style=\"background-color:rgba(0, 0, 0, 0);color:#4f9dc4\" class=\"has-inline-color\">Werke von Johann Sebastian Bach, Felix Mendelssohn Bartholdy, Fran\u00e7ois Couperin und Alexandre Guilmant<\/mark><\/h3>\n\n\n\n<div style=\"height:50px\" aria-hidden=\"true\" class=\"wp-block-spacer\"><\/div>\n\n\n\n<p>Die Einteilung Europas in sogenannte Orgellandschaften ist uns vertraut. Bei dieser Einteilung wird davon ausgegangen, dass L\u00e4nder wie Frankreich und Deutschland ihre jeweils eigene Orgelkultur mit eigener Orgelmusik und einer weitgehend unabh\u00e4ngigen Geschichte des Orgelwesens lebten. Es fand jedoch immer ein Austausch jenseits aller Landes-, Sprach- und Konfessionsgrenzen statt, denn Orgelbauer und Organisten sind im Zuge ihrer Ausbildung \u00fcber solche Grenzen hinweggewandert.<br>Das Programm von Xaver Schult umfasst Werke, die in unterschiedlicher Weise f\u00fcr das kompositorische Wesen von deutschen und franz\u00f6sischen Orgelkomponisten bedeutsam waren.<\/p>\n\n\n\n<hr class=\"wp-block-separator\"\/>\n\n\n\n<p><strong>Xaver Schult<\/strong> wurde 1994 in Mecklenburg geboren. In Ber\u00fchrung mit dem Orgelspiel kam er am Schweriner Dom bei Jan Ernst. Nach dem Abitur studierte er ab 2012 Kirchenmusik in Hamburg, wo Wolfgang Zerer zu seinen pr\u00e4genden Lehrern geh\u00f6rte. Vier Jahre lang war Xaver Schult 2. Organist und Assistent von Andreas Fischer an der Hamburger Hauptkirche St. Katharinen.<br>Seit 2020 ist er Marienorganist an der ber\u00fchmten Wagner-Orgel in der Berliner St. Marienkirche.<\/p>\n\n\n\n<figure class=\"wp-block-image size-full\"><img loading=\"lazy\" decoding=\"async\" width=\"900\" height=\"14\" src=\"https:\/\/orgel.alt-pankow.de\/wp-content\/uploads\/2022\/06\/OH_2022_streifen6.jpg\" alt=\"\" class=\"wp-image-2009931\" srcset=\"https:\/\/orgel.alt-pankow.de\/wp-content\/uploads\/2022\/06\/OH_2022_streifen6.jpg 900w, https:\/\/orgel.alt-pankow.de\/wp-content\/uploads\/2022\/06\/OH_2022_streifen6-300x5.jpg 300w, https:\/\/orgel.alt-pankow.de\/wp-content\/uploads\/2022\/06\/OH_2022_streifen6-768x12.jpg 768w, https:\/\/orgel.alt-pankow.de\/wp-content\/uploads\/2022\/06\/OH_2022_streifen6-880x14.jpg 880w, https:\/\/orgel.alt-pankow.de\/wp-content\/uploads\/2022\/06\/OH_2022_streifen6-790x12.jpg 790w\" sizes=\"auto, (max-width: 900px) 100vw, 900px\" \/><\/figure>\n\n\n\n<p class=\"has-text-align-center\">Eintritt frei!<br>Wir bitten um Spenden f\u00fcr die Orgel.<\/p>\n\n\n\n<hr class=\"wp-block-separator\"\/>\n","protected":false},"excerpt":{"rendered":"<p>Xaver Schult Berlin \u00bbIm Dialog:Frankreich und Deutschland\u00ab Werke von Johann Sebastian Bach, Felix Mendelssohn Bartholdy, Fran\u00e7ois Couperin und Alexandre Guilmant Die Einteilung Europas&hellip;<\/p>\n","protected":false},"author":2,"featured_media":2009979,"comment_status":"closed","ping_status":"closed","sticky":false,"template":"","format":"standard","meta":{"spay_email":"","footnotes":"","jetpack_publicize_message":""},"categories":[378],"tags":[],"class_list":["post-2009857","post","type-post","status-publish","format-standard","has-post-thumbnail","hentry","category-orgelherbst-2022"],"jetpack_featured_media_url":"https:\/\/orgel.alt-pankow.de\/wp-content\/uploads\/2022\/06\/schult_www.jpg","jetpack_publicize_connections":[],"jetpack_sharing_enabled":true,"jetpack_shortlink":"https:\/\/wp.me\/paVTHW-8qR3","_links":{"self":[{"href":"https:\/\/orgel.alt-pankow.de\/index.php?rest_route=\/wp\/v2\/posts\/2009857","targetHints":{"allow":["GET"]}}],"collection":[{"href":"https:\/\/orgel.alt-pankow.de\/index.php?rest_route=\/wp\/v2\/posts"}],"about":[{"href":"https:\/\/orgel.alt-pankow.de\/index.php?rest_route=\/wp\/v2\/types\/post"}],"author":[{"embeddable":true,"href":"https:\/\/orgel.alt-pankow.de\/index.php?rest_route=\/wp\/v2\/users\/2"}],"replies":[{"embeddable":true,"href":"https:\/\/orgel.alt-pankow.de\/index.php?rest_route=%2Fwp%2Fv2%2Fcomments&post=2009857"}],"version-history":[{"count":8,"href":"https:\/\/orgel.alt-pankow.de\/index.php?rest_route=\/wp\/v2\/posts\/2009857\/revisions"}],"predecessor-version":[{"id":2009937,"href":"https:\/\/orgel.alt-pankow.de\/index.php?rest_route=\/wp\/v2\/posts\/2009857\/revisions\/2009937"}],"wp:featuredmedia":[{"embeddable":true,"href":"https:\/\/orgel.alt-pankow.de\/index.php?rest_route=\/wp\/v2\/media\/2009979"}],"wp:attachment":[{"href":"https:\/\/orgel.alt-pankow.de\/index.php?rest_route=%2Fwp%2Fv2%2Fmedia&parent=2009857"}],"wp:term":[{"taxonomy":"category","embeddable":true,"href":"https:\/\/orgel.alt-pankow.de\/index.php?rest_route=%2Fwp%2Fv2%2Fcategories&post=2009857"},{"taxonomy":"post_tag","embeddable":true,"href":"https:\/\/orgel.alt-pankow.de\/index.php?rest_route=%2Fwp%2Fv2%2Ftags&post=2009857"}],"curies":[{"name":"wp","href":"https:\/\/api.w.org\/{rel}","templated":true}]}}