{"id":2009808,"date":"2022-06-07T10:50:06","date_gmt":"2022-06-07T10:50:06","guid":{"rendered":"https:\/\/orgel.alt-pankow.de\/?p=2009808"},"modified":"2022-09-05T13:43:24","modified_gmt":"2022-09-05T13:43:24","slug":"mittwoch-31-august19-uhr","status":"publish","type":"post","link":"https:\/\/orgel.alt-pankow.de\/?p=2009808","title":{"rendered":"Mittwoch, 31. August<br>19 Uhr"},"content":{"rendered":"\n<h1 class=\"has-text-align-center wp-block-heading\"><mark style=\"background-color:rgba(0, 0, 0, 0);color:#620101\" class=\"has-inline-color\">Klaus Eichhorn<\/mark><\/h1>\n\n\n\n<h3 class=\"has-text-align-center wp-block-heading\"><mark style=\"background-color:rgba(0, 0, 0, 0);color:#620101\" class=\"has-inline-color\">Berlin<\/mark><\/h3>\n\n\n\n<div class=\"wp-block-image\"><figure class=\"aligncenter size-full\"><img loading=\"lazy\" decoding=\"async\" width=\"300\" height=\"5\" src=\"https:\/\/orgel.alt-pankow.de\/wp-content\/uploads\/2022\/06\/OH_2022_streifen4.jpg\" alt=\"\" class=\"wp-image-2009926\"\/><\/figure><\/div>\n\n\n\n<h1 class=\"has-text-align-center wp-block-heading\"><mark style=\"background-color:rgba(0, 0, 0, 0);color:#620101\" class=\"has-inline-color\">\u00bbNorddeutsche Orgelmusik des 17. Jh.\u00ab<\/mark><\/h1>\n\n\n\n<div style=\"height:55px\" aria-hidden=\"true\" class=\"wp-block-spacer\"><\/div>\n\n\n\n<h3 class=\"has-text-align-center wp-block-heading\"><mark style=\"background-color:rgba(0, 0, 0, 0);color:#620101\" class=\"has-inline-color\">Werke von Jan P. Sweelinck, Matthias Weckmann, Dieterich Buxtehude und Vincent L\u00fcbeck<\/mark><\/h3>\n\n\n\n<p>Sweelinck bis Buxtehude: bestes norddeutsches Orgelrepertoire des 17. Jahrhunderts auf einer Orgel, die klanglich das fr\u00fche 19. Jahrhundert repr\u00e4sentiert? Buchholz in seiner Genialit\u00e4t war durchaus noch so verwurzelt in der Tradition, dass seine Instrumente eine breite Palette an Farbigkeit, Nuancierung und Variations-M\u00f6glichkeiten auch f\u00fcr Musik des Fr\u00fch- und Hochbarock zur Verf\u00fcgung stellen.<br>Choral-Bearbeitungen in diversen Formen, Praeludium, Fuge, Toccata, Ostinato- und andere freie Werke demonstrieren dies abwechslungsreich.<\/p>\n\n\n\n<hr class=\"wp-block-separator\"\/>\n\n\n\n<h3 class=\"has-text-align-center wp-block-heading\">Klaus Eichhorn <\/h3>\n\n\n\n<p>konzertiert als Organist und Cembalist solistisch, aber auch mit zahlreichen europ\u00e4ischen Ensembles Alter Musik. Er studierte Kirchenmusik und Cembalo. Als Dozent unterrichtete Klaus Eichhorn ab 1991 an der Evangelischen Hochschule f\u00fcr Kirchenmusik Halle, 1994 wurde er zum Professor f\u00fcr Orgel und Generalbass an der Hochschule f\u00fcr K\u00fcnste Bremen berufen. Er war Mitbegr\u00fcnder der Musicalischen Compagney und Gr\u00fcnder der Capella Cantorum. Seit 2005 wirkt er als Orgelsachverst\u00e4ndiger der Evangelischen Landeskirche Berlin-Brandenburg und kennt in dieser Funktion die neue Pankower Wegscheider\/Buchholz-Orgel wie kaum ein anderer.<\/p>\n\n\n\n<div class=\"wp-block-image\"><figure class=\"aligncenter size-full\"><img loading=\"lazy\" decoding=\"async\" width=\"900\" height=\"14\" src=\"https:\/\/orgel.alt-pankow.de\/wp-content\/uploads\/2022\/06\/OH_2022_streifen6.jpg\" alt=\"\" class=\"wp-image-2009931\" srcset=\"https:\/\/orgel.alt-pankow.de\/wp-content\/uploads\/2022\/06\/OH_2022_streifen6.jpg 900w, https:\/\/orgel.alt-pankow.de\/wp-content\/uploads\/2022\/06\/OH_2022_streifen6-300x5.jpg 300w, https:\/\/orgel.alt-pankow.de\/wp-content\/uploads\/2022\/06\/OH_2022_streifen6-768x12.jpg 768w, https:\/\/orgel.alt-pankow.de\/wp-content\/uploads\/2022\/06\/OH_2022_streifen6-880x14.jpg 880w, https:\/\/orgel.alt-pankow.de\/wp-content\/uploads\/2022\/06\/OH_2022_streifen6-790x12.jpg 790w\" sizes=\"auto, (max-width: 900px) 100vw, 900px\" \/><\/figure><\/div>\n\n\n\n<p class=\"has-text-align-center\">Eintritt frei!<br>Wir bitten um Spenden f\u00fcr die Orgel.<\/p>\n\n\n\n<hr class=\"wp-block-separator\"\/>\n","protected":false},"excerpt":{"rendered":"<p>Klaus Eichhorn Berlin \u00bbNorddeutsche Orgelmusik des 17. Jh.\u00ab Werke von Jan P. Sweelinck, Matthias Weckmann, Dieterich Buxtehude und Vincent L\u00fcbeck Sweelinck bis Buxtehude:&hellip;<\/p>\n","protected":false},"author":2,"featured_media":2009975,"comment_status":"closed","ping_status":"closed","sticky":false,"template":"","format":"standard","meta":{"spay_email":"","footnotes":"","jetpack_publicize_message":""},"categories":[378],"tags":[],"class_list":["post-2009808","post","type-post","status-publish","format-standard","has-post-thumbnail","hentry","category-orgelherbst-2022"],"jetpack_featured_media_url":"https:\/\/orgel.alt-pankow.de\/wp-content\/uploads\/2022\/06\/eichhorn_www.jpg","jetpack_publicize_connections":[],"jetpack_sharing_enabled":true,"jetpack_shortlink":"https:\/\/wp.me\/paVTHW-8qQg","_links":{"self":[{"href":"https:\/\/orgel.alt-pankow.de\/index.php?rest_route=\/wp\/v2\/posts\/2009808","targetHints":{"allow":["GET"]}}],"collection":[{"href":"https:\/\/orgel.alt-pankow.de\/index.php?rest_route=\/wp\/v2\/posts"}],"about":[{"href":"https:\/\/orgel.alt-pankow.de\/index.php?rest_route=\/wp\/v2\/types\/post"}],"author":[{"embeddable":true,"href":"https:\/\/orgel.alt-pankow.de\/index.php?rest_route=\/wp\/v2\/users\/2"}],"replies":[{"embeddable":true,"href":"https:\/\/orgel.alt-pankow.de\/index.php?rest_route=%2Fwp%2Fv2%2Fcomments&post=2009808"}],"version-history":[{"count":8,"href":"https:\/\/orgel.alt-pankow.de\/index.php?rest_route=\/wp\/v2\/posts\/2009808\/revisions"}],"predecessor-version":[{"id":2009958,"href":"https:\/\/orgel.alt-pankow.de\/index.php?rest_route=\/wp\/v2\/posts\/2009808\/revisions\/2009958"}],"wp:featuredmedia":[{"embeddable":true,"href":"https:\/\/orgel.alt-pankow.de\/index.php?rest_route=\/wp\/v2\/media\/2009975"}],"wp:attachment":[{"href":"https:\/\/orgel.alt-pankow.de\/index.php?rest_route=%2Fwp%2Fv2%2Fmedia&parent=2009808"}],"wp:term":[{"taxonomy":"category","embeddable":true,"href":"https:\/\/orgel.alt-pankow.de\/index.php?rest_route=%2Fwp%2Fv2%2Fcategories&post=2009808"},{"taxonomy":"post_tag","embeddable":true,"href":"https:\/\/orgel.alt-pankow.de\/index.php?rest_route=%2Fwp%2Fv2%2Ftags&post=2009808"}],"curies":[{"name":"wp","href":"https:\/\/api.w.org\/{rel}","templated":true}]}}