{"id":2009780,"date":"2022-06-07T13:47:26","date_gmt":"2022-06-07T13:47:26","guid":{"rendered":"https:\/\/orgel.alt-pankow.de\/?p=2009780"},"modified":"2023-03-20T15:35:46","modified_gmt":"2023-03-20T15:35:46","slug":"eroeffnungskonzert-mit-hansjoerg-albrecht","status":"publish","type":"post","link":"https:\/\/orgel.alt-pankow.de\/?p=2009780","title":{"rendered":"Er\u00f6ffnungskonzert<br>Sonntag, 21. August 18 Uhr"},"content":{"rendered":"\n<h1 class=\"has-text-align-center wp-block-heading\"><mark style=\"background-color:rgba(0, 0, 0, 0);color:#f57a09\" class=\"has-inline-color\">Hansj\u00f6rg Albrecht<\/mark><\/h1>\n\n\n\n<div class=\"wp-block-image\"><figure class=\"aligncenter size-full\"><img loading=\"lazy\" decoding=\"async\" width=\"300\" height=\"5\" src=\"https:\/\/orgel.alt-pankow.de\/wp-content\/uploads\/2022\/06\/OH_2022_streifen4.jpg\" alt=\"\" class=\"wp-image-2009926\"\/><\/figure><\/div>\n\n\n\n<h1 class=\"has-text-align-center wp-block-heading\"><mark style=\"background-color:rgba(0, 0, 0, 0);color:#f57a09\" class=\"has-inline-color\">\u00bbIn Memoriam Anton Bruckner\u00ab<\/mark><\/h1>\n\n\n\n<div style=\"height:61px\" aria-hidden=\"true\" class=\"wp-block-spacer\"><\/div>\n\n\n\n<h3 class=\"has-text-align-center wp-block-heading\"><mark style=\"background-color:rgba(0, 0, 0, 0);color:#f57a09\" class=\"has-inline-color\">Werke von Anton Bruckner, Oscar Jockel und David Matthews<\/mark><\/h3>\n\n\n\n<p>Anton Bruckners sp\u00e4tromantische Sinfonien weisen weit in die Zukunft. Seine tiefe Gl\u00e4ubigkeit verbindet ihn sowohl mit Bach im 18., als auch mit Messiaen im 20. Jahrhundert. Musste Bruckner als Komponist zeitlebens um \u00f6ffentliche Anerkennung ringen, so brachte er es als Orgelimprovisator zu fr\u00fchem internationalen Ruhm.<br>Um den Orgelgiganten Bruckner erlebbar zu machen, reifte der Plan einer Gesamteinspielung seiner Sinfonien als Orgeltranskriptionen. Hansj\u00f6rg Albrecht hat zudem Kompositionsauftr\u00e4ge in Form von \u00bbBruckner-Fenstern\u00ab an zehn internationale Komponist:innen vergeben. Bruckners musikalische Welt bildet daf\u00fcr die inhaltliche Klammer, die Orgel bietet als universellstes aller Instrumente eine Klangpalette wie kein anderes. Teile dieses \u00bbepochalen Projekts\u00ab (Christian Thielemann) erleben wir im Er\u00f6ffnungskonzert in Alt-Pankow.<\/p>\n\n\n\n<hr class=\"wp-block-separator\"\/>\n\n\n\n<p><strong>Hansj\u00f6rg Albrecht<\/strong> ist einer der wenigen K\u00fcnstler, die international als Dirigent und Konzertorganist pr\u00e4sent sind. Mit seinen Orgeltranskriptionen etablierte er sich als Spezialist auf seinem Instrument. Er ist k\u00fcnstlerischer Leiter des M\u00fcnchener Bach-Chores und Bach-Orchesters sowie Erster Gastdirigent am Teatro Petruzzelli Bari, Italien. Daneben verbindet ihn u.a. eine langj\u00e4hrige Zusammenarbeit mit dem Opernhaus San Carlo Neapel, dem Kammerorchester Moskau und der Staatskapelle Weimar. Er konzertiert in den gro\u00dfen Musikzentren der Welt und arbeitet dabei regelm\u00e4\u00dfig mit international renommierten K\u00fcnstlern und Orchestern zusammen. 2013 wurde er f\u00fcr den Grammy Award nominiert. Bis 2024, Anton Bruckners Geburtstag, realisiert er die erste Gesamteinspielung aller Bruckner-Sinfonien als Orgeltranskriptionen an Originalschaupl\u00e4tzen.<\/p>\n\n\n\n<figure class=\"wp-block-image size-full\"><img loading=\"lazy\" decoding=\"async\" width=\"900\" height=\"14\" src=\"https:\/\/orgel.alt-pankow.de\/wp-content\/uploads\/2022\/06\/OH_2022_streifen6.jpg\" alt=\"\" class=\"wp-image-2009931\" srcset=\"https:\/\/orgel.alt-pankow.de\/wp-content\/uploads\/2022\/06\/OH_2022_streifen6.jpg 900w, https:\/\/orgel.alt-pankow.de\/wp-content\/uploads\/2022\/06\/OH_2022_streifen6-300x5.jpg 300w, https:\/\/orgel.alt-pankow.de\/wp-content\/uploads\/2022\/06\/OH_2022_streifen6-768x12.jpg 768w, https:\/\/orgel.alt-pankow.de\/wp-content\/uploads\/2022\/06\/OH_2022_streifen6-880x14.jpg 880w, https:\/\/orgel.alt-pankow.de\/wp-content\/uploads\/2022\/06\/OH_2022_streifen6-790x12.jpg 790w\" sizes=\"auto, (max-width: 900px) 100vw, 900px\" \/><\/figure>\n\n\n\n<p class=\"has-text-align-center\">Eintritt frei!<br>Wir bitten um Spenden f\u00fcr die Orgel.<\/p>\n\n\n\n<hr class=\"wp-block-separator\"\/>\n","protected":false},"excerpt":{"rendered":"<p>Hansj\u00f6rg Albrecht \u00bbIn Memoriam Anton Bruckner\u00ab Werke von Anton Bruckner, Oscar Jockel und David Matthews Anton Bruckners sp\u00e4tromantische Sinfonien weisen weit in die&hellip;<\/p>\n","protected":false},"author":2,"featured_media":2009973,"comment_status":"closed","ping_status":"closed","sticky":false,"template":"","format":"standard","meta":{"spay_email":"","footnotes":"","jetpack_publicize_message":""},"categories":[378],"tags":[],"class_list":["post-2009780","post","type-post","status-publish","format-standard","has-post-thumbnail","hentry","category-orgelherbst-2022"],"jetpack_featured_media_url":"https:\/\/orgel.alt-pankow.de\/wp-content\/uploads\/2022\/06\/albrecht_www.jpg","jetpack_publicize_connections":[],"jetpack_sharing_enabled":true,"jetpack_shortlink":"https:\/\/wp.me\/paVTHW-8qPO","_links":{"self":[{"href":"https:\/\/orgel.alt-pankow.de\/index.php?rest_route=\/wp\/v2\/posts\/2009780","targetHints":{"allow":["GET"]}}],"collection":[{"href":"https:\/\/orgel.alt-pankow.de\/index.php?rest_route=\/wp\/v2\/posts"}],"about":[{"href":"https:\/\/orgel.alt-pankow.de\/index.php?rest_route=\/wp\/v2\/types\/post"}],"author":[{"embeddable":true,"href":"https:\/\/orgel.alt-pankow.de\/index.php?rest_route=\/wp\/v2\/users\/2"}],"replies":[{"embeddable":true,"href":"https:\/\/orgel.alt-pankow.de\/index.php?rest_route=%2Fwp%2Fv2%2Fcomments&post=2009780"}],"version-history":[{"count":15,"href":"https:\/\/orgel.alt-pankow.de\/index.php?rest_route=\/wp\/v2\/posts\/2009780\/revisions"}],"predecessor-version":[{"id":2010142,"href":"https:\/\/orgel.alt-pankow.de\/index.php?rest_route=\/wp\/v2\/posts\/2009780\/revisions\/2010142"}],"wp:featuredmedia":[{"embeddable":true,"href":"https:\/\/orgel.alt-pankow.de\/index.php?rest_route=\/wp\/v2\/media\/2009973"}],"wp:attachment":[{"href":"https:\/\/orgel.alt-pankow.de\/index.php?rest_route=%2Fwp%2Fv2%2Fmedia&parent=2009780"}],"wp:term":[{"taxonomy":"category","embeddable":true,"href":"https:\/\/orgel.alt-pankow.de\/index.php?rest_route=%2Fwp%2Fv2%2Fcategories&post=2009780"},{"taxonomy":"post_tag","embeddable":true,"href":"https:\/\/orgel.alt-pankow.de\/index.php?rest_route=%2Fwp%2Fv2%2Ftags&post=2009780"}],"curies":[{"name":"wp","href":"https:\/\/api.w.org\/{rel}","templated":true}]}}