{"id":2009742,"date":"2022-05-08T09:13:00","date_gmt":"2022-05-08T09:13:00","guid":{"rendered":"https:\/\/orgel.alt-pankow.de\/?p=2009742"},"modified":"2023-11-08T10:10:26","modified_gmt":"2023-11-08T10:10:26","slug":"7-juli-%c2%b7-19-30-uhr","status":"publish","type":"post","link":"https:\/\/orgel.alt-pankow.de\/?p=2009742","title":{"rendered":"7.7.2022 \u00b7 19.30 Uhr"},"content":{"rendered":"\n<h1 class=\"wp-block-heading\">Vokalzeit<\/h1>\n\n\n\n<h2 class=\"wp-block-heading\"><em>Von der Pampelmuse gek\u00fcsst&#8230;<\/em><\/h2>\n\n\n\n<p>Klassikparodien und Chansons im Stile der Comedian Harmonists nach Texten von Heinz Erhardt<\/p>\n\n\n\n<p>Holger Marks \/ Peter Ewald . . . . . . Tenor<br>Michael Timm \/ Axel Scheidig . . . . Bass<br>Insa Bernds . . . . . . . . . . . . . . . . . . . . . Klavier<\/p>\n\n\n\n<p>Der Titel \u00bbVon der Pampelmuse gek\u00fcsst\u00ab l\u00e4sst es ahnen: In Flora und Fauna ist vieles ungekl\u00e4rt. Mit ihrem Programm leisten die vier S\u00e4nger von Vokalzeit wertvolle Aufkl\u00e4rungsarbeit. Wort- und stimmgewaltig berichten sie davon, warum Zitronen sauer sind und ausgerechnet \u00c4pfeln eine staatstragende Bedeutung zukommt. Unerh\u00f6rtes erfahren die geneigten Zuh\u00f6rer \u00fcber Maulw\u00fcrfe, Maden, Raupen, Regenw\u00fcrmer, Elefanten und anderes Getier. Wie etwa die Weihnachtsgans\u2026 Lassen Sie sich \u00fcberraschen!<\/p>\n","protected":false},"excerpt":{"rendered":"<p>Vokalzeit Von der Pampelmuse gek\u00fcsst&#8230; Klassikparodien und Chansons im Stile der Comedian Harmonists nach Texten von Heinz Erhardt Holger Marks \/ Peter Ewald&hellip;<\/p>\n","protected":false},"author":2,"featured_media":2009743,"comment_status":"closed","ping_status":"closed","sticky":false,"template":"","format":"standard","meta":{"spay_email":"","footnotes":"","jetpack_publicize_message":""},"categories":[33,48],"tags":[],"class_list":["post-2009742","post","type-post","status-publish","format-standard","has-post-thumbnail","hentry","category-benefiz","category-unterstuetzung"],"jetpack_featured_media_url":"https:\/\/orgel.alt-pankow.de\/wp-content\/uploads\/2022\/04\/vokalzeit_2022.jpg","jetpack_publicize_connections":[],"jetpack_sharing_enabled":true,"jetpack_shortlink":"https:\/\/wp.me\/paVTHW-8qPc","_links":{"self":[{"href":"https:\/\/orgel.alt-pankow.de\/index.php?rest_route=\/wp\/v2\/posts\/2009742","targetHints":{"allow":["GET"]}}],"collection":[{"href":"https:\/\/orgel.alt-pankow.de\/index.php?rest_route=\/wp\/v2\/posts"}],"about":[{"href":"https:\/\/orgel.alt-pankow.de\/index.php?rest_route=\/wp\/v2\/types\/post"}],"author":[{"embeddable":true,"href":"https:\/\/orgel.alt-pankow.de\/index.php?rest_route=\/wp\/v2\/users\/2"}],"replies":[{"embeddable":true,"href":"https:\/\/orgel.alt-pankow.de\/index.php?rest_route=%2Fwp%2Fv2%2Fcomments&post=2009742"}],"version-history":[{"count":4,"href":"https:\/\/orgel.alt-pankow.de\/index.php?rest_route=\/wp\/v2\/posts\/2009742\/revisions"}],"predecessor-version":[{"id":2010296,"href":"https:\/\/orgel.alt-pankow.de\/index.php?rest_route=\/wp\/v2\/posts\/2009742\/revisions\/2010296"}],"wp:featuredmedia":[{"embeddable":true,"href":"https:\/\/orgel.alt-pankow.de\/index.php?rest_route=\/wp\/v2\/media\/2009743"}],"wp:attachment":[{"href":"https:\/\/orgel.alt-pankow.de\/index.php?rest_route=%2Fwp%2Fv2%2Fmedia&parent=2009742"}],"wp:term":[{"taxonomy":"category","embeddable":true,"href":"https:\/\/orgel.alt-pankow.de\/index.php?rest_route=%2Fwp%2Fv2%2Fcategories&post=2009742"},{"taxonomy":"post_tag","embeddable":true,"href":"https:\/\/orgel.alt-pankow.de\/index.php?rest_route=%2Fwp%2Fv2%2Ftags&post=2009742"}],"curies":[{"name":"wp","href":"https:\/\/api.w.org\/{rel}","templated":true}]}}