{"id":2009682,"date":"2021-12-27T10:28:41","date_gmt":"2021-12-27T10:28:41","guid":{"rendered":"https:\/\/orgel.alt-pankow.de\/?p=2009682"},"modified":"2022-01-03T10:41:35","modified_gmt":"2022-01-03T10:41:35","slug":"1-januar-2022-%c2%b7-17-uhr-%c2%b7-neujahrsandacht","status":"publish","type":"post","link":"https:\/\/orgel.alt-pankow.de\/?p=2009682","title":{"rendered":"1. Januar 2022<br>17 Uhr<br>Neujahrsandacht"},"content":{"rendered":"\n<h1 class=\"wp-block-heading\">Die gute alte Zeit<\/h1>\n\n\n\n<h2 class=\"wp-block-heading\">Gerrit Fr\u00f6hlich, Fl\u00f6te und Moderation<br>Nikita Volov, Klavier<\/h2>\n\n\n\n<p>Musik und Geschichten aus der Donaumonarchie \u00d6sterreich-Ungarn \u2013 Werke von Johann Strauss, Antonin Dvorak, Fritz Kreisler, Gustav Mahler u.a. Der in Alt-Pankow gut bekannte Fl\u00f6tist Gerrit Fr\u00f6hlich und der Pianist Nikita Volov bringen Geschichten und Kompositionen des 19. und fr\u00fchen 20. Jahrhunderts aus der Epoche der gro\u00dfen Donaumonarchie zu Geh\u00f6r. Liturgisch wird die Andacht von Pfarrerin i.R. Ruth Misselwitz begleitet.<br>Sofern es die Hygieneregeln erlauben, werden wir anschlie\u00dfend bei einem Gl\u00e4schen Sekt oder Saft auf das neue Jahr ansto\u00dfen. Herzlich willkommen!<\/p>\n\n\n\n<hr class=\"wp-block-separator\"\/>\n\n\n\n<p>Eintritt frei \u2013 Wir sammeln f\u00fcr die Orgel!<\/p>\n\n\n\n<hr class=\"wp-block-separator\"\/>\n\n\n\n<p><strong>Bitte beachten Sie beim Eintritt in die Kirche,<\/strong><\/p>\n\n\n\n<ul class=\"wp-block-list\"><li>dass Abst\u00e4nde eingehalten,<\/li><li>ein FFP2-Mundschutz getragen wird,<\/li><li>maximal 150 Besucher zugelassen werden und<\/li><li>jeder registriert wird.<\/li><\/ul>\n\n\n\n<p>Es gelten die <a href=\"https:\/\/www.alt-pankow.de\/wp-content\/uploads\/2021\/12\/Hygienekonzept_AP_12_21.pdf\">Schutzma\u00dfnahmen der Ev. Kirchengemeinde Alt-Pankow<\/a>.<\/p>\n","protected":false},"excerpt":{"rendered":"<p>Die gute alte Zeit Gerrit Fr\u00f6hlich, Fl\u00f6te und ModerationNikita Volov, Klavier Musik und Geschichten aus der Donaumonarchie \u00d6sterreich-Ungarn \u2013 Werke von Johann Strauss,&hellip;<\/p>\n","protected":false},"author":2,"featured_media":2009695,"comment_status":"closed","ping_status":"closed","sticky":false,"template":"","format":"standard","meta":{"spay_email":"","footnotes":"","jetpack_publicize_message":""},"categories":[33,48],"tags":[],"class_list":["post-2009682","post","type-post","status-publish","format-standard","has-post-thumbnail","hentry","category-benefiz","category-unterstuetzung"],"jetpack_featured_media_url":"https:\/\/orgel.alt-pankow.de\/wp-content\/uploads\/2021\/12\/neujahr_2022.jpg","jetpack_publicize_connections":[],"jetpack_sharing_enabled":true,"jetpack_shortlink":"https:\/\/wp.me\/paVTHW-8qOe","_links":{"self":[{"href":"https:\/\/orgel.alt-pankow.de\/index.php?rest_route=\/wp\/v2\/posts\/2009682","targetHints":{"allow":["GET"]}}],"collection":[{"href":"https:\/\/orgel.alt-pankow.de\/index.php?rest_route=\/wp\/v2\/posts"}],"about":[{"href":"https:\/\/orgel.alt-pankow.de\/index.php?rest_route=\/wp\/v2\/types\/post"}],"author":[{"embeddable":true,"href":"https:\/\/orgel.alt-pankow.de\/index.php?rest_route=\/wp\/v2\/users\/2"}],"replies":[{"embeddable":true,"href":"https:\/\/orgel.alt-pankow.de\/index.php?rest_route=%2Fwp%2Fv2%2Fcomments&post=2009682"}],"version-history":[{"count":3,"href":"https:\/\/orgel.alt-pankow.de\/index.php?rest_route=\/wp\/v2\/posts\/2009682\/revisions"}],"predecessor-version":[{"id":2009688,"href":"https:\/\/orgel.alt-pankow.de\/index.php?rest_route=\/wp\/v2\/posts\/2009682\/revisions\/2009688"}],"wp:featuredmedia":[{"embeddable":true,"href":"https:\/\/orgel.alt-pankow.de\/index.php?rest_route=\/wp\/v2\/media\/2009695"}],"wp:attachment":[{"href":"https:\/\/orgel.alt-pankow.de\/index.php?rest_route=%2Fwp%2Fv2%2Fmedia&parent=2009682"}],"wp:term":[{"taxonomy":"category","embeddable":true,"href":"https:\/\/orgel.alt-pankow.de\/index.php?rest_route=%2Fwp%2Fv2%2Fcategories&post=2009682"},{"taxonomy":"post_tag","embeddable":true,"href":"https:\/\/orgel.alt-pankow.de\/index.php?rest_route=%2Fwp%2Fv2%2Ftags&post=2009682"}],"curies":[{"name":"wp","href":"https:\/\/api.w.org\/{rel}","templated":true}]}}