{"id":2009476,"date":"2021-08-10T14:05:21","date_gmt":"2021-08-10T14:05:21","guid":{"rendered":"https:\/\/orgel.alt-pankow.de\/?p=2009476"},"modified":"2021-08-10T14:21:41","modified_gmt":"2021-08-10T14:21:41","slug":"21-august-%c2%b7-19-uhrdr-rudite-livmane","status":"publish","type":"post","link":"https:\/\/orgel.alt-pankow.de\/?p=2009476","title":{"rendered":"21. August \u00b7 19 Uhr<br><b>Erstes Orgelkonzert mit <br>Dr. Rudite Livmane<br>Orgelmusik aus vier Jahrhunderten<\/br><\/b>"},"content":{"rendered":"\n<h2 class=\"wp-block-heading\">Werke von Samuel Scheidt, Max Reger,<br>Oskar Lindberg, Johann Sebastian Bach, Arnolds Kalnajs<\/h2>\n\n\n\n<p>Das erste Konzert an der neuen Orgel spielt die Alt-Pankower Kirchenmusikerin Dr. Rudite Livmane.<\/p>\n\n\n\n<blockquote class=\"wp-block-quote is-layout-flow wp-block-quote-is-layout-flow\"><p>\u00bbIch hatte sehr starke musikalische und religi\u00f6se Erlebnisse als Kind. Der Orgelklang der kleinen Dorfkirche meines Gro\u00dfvaters in Lettland ist f\u00fcr mich unvergesslich geblieben. Dieser Eindruck war sehr pr\u00e4gend, dass ich mich neben Klavier und Dirigieren mit Orgelmusik und Orgelbau besch\u00e4ftigt habe, um schlie\u00dflich als Kirchenmusikerin zu arbeiten. \u00ab <em>Rudite Livmane<\/em><\/p><\/blockquote>\n\n\n\n<p>Rudite Livmane stammt aus Lettland. Sie studierte Schulmusik und Kirchenmusik an der Staatlichen Musikakademie in Riga (Lettland), weiter Kirchenmusik in L\u00fcbeck und Bremen. Neben dem Studium arbeitete sie als Kirchenmusikerin in Gemeinden in Ostfriesland und in Niedersachsen. Im Jahr 2009 promovierte Rudite Livmane in Riga \u00fcber die Kirchenmusik des 18. und 19. Jahrhunderts in Lettland. Seit 2007 ist sie Kirchenmusikerin der Evangelischen Kirchengemeinde Alt-Pankow in Berlin.<\/p>\n\n\n\n<hr class=\"wp-block-separator\"\/>\n\n\n\n<figure class=\"wp-block-pullquote\"><blockquote><p>Eintritt frei! Spenden f\u00fcr die Orgel erbeten!<\/p><\/blockquote><\/figure>\n\n\n\n<hr class=\"wp-block-separator\"\/>\n\n\n\n<p><\/p>\n","protected":false},"excerpt":{"rendered":"<p>Werke von Samuel Scheidt, Max Reger,Oskar Lindberg, Johann Sebastian Bach, Arnolds Kalnajs Das erste Konzert an der neuen Orgel spielt die Alt-Pankower Kirchenmusikerin&hellip;<\/p>\n","protected":false},"author":2,"featured_media":2009479,"comment_status":"closed","ping_status":"closed","sticky":false,"template":"","format":"standard","meta":{"spay_email":"","footnotes":"","jetpack_publicize_message":""},"categories":[362],"tags":[],"class_list":["post-2009476","post","type-post","status-publish","format-standard","has-post-thumbnail","hentry","category-die-festwoche"],"jetpack_featured_media_url":"https:\/\/orgel.alt-pankow.de\/wp-content\/uploads\/2021\/08\/DJI_0227WWW.jpg","jetpack_publicize_connections":[],"jetpack_sharing_enabled":true,"jetpack_shortlink":"https:\/\/wp.me\/paVTHW-8qKU","_links":{"self":[{"href":"https:\/\/orgel.alt-pankow.de\/index.php?rest_route=\/wp\/v2\/posts\/2009476","targetHints":{"allow":["GET"]}}],"collection":[{"href":"https:\/\/orgel.alt-pankow.de\/index.php?rest_route=\/wp\/v2\/posts"}],"about":[{"href":"https:\/\/orgel.alt-pankow.de\/index.php?rest_route=\/wp\/v2\/types\/post"}],"author":[{"embeddable":true,"href":"https:\/\/orgel.alt-pankow.de\/index.php?rest_route=\/wp\/v2\/users\/2"}],"replies":[{"embeddable":true,"href":"https:\/\/orgel.alt-pankow.de\/index.php?rest_route=%2Fwp%2Fv2%2Fcomments&post=2009476"}],"version-history":[{"count":13,"href":"https:\/\/orgel.alt-pankow.de\/index.php?rest_route=\/wp\/v2\/posts\/2009476\/revisions"}],"predecessor-version":[{"id":2009495,"href":"https:\/\/orgel.alt-pankow.de\/index.php?rest_route=\/wp\/v2\/posts\/2009476\/revisions\/2009495"}],"wp:featuredmedia":[{"embeddable":true,"href":"https:\/\/orgel.alt-pankow.de\/index.php?rest_route=\/wp\/v2\/media\/2009479"}],"wp:attachment":[{"href":"https:\/\/orgel.alt-pankow.de\/index.php?rest_route=%2Fwp%2Fv2%2Fmedia&parent=2009476"}],"wp:term":[{"taxonomy":"category","embeddable":true,"href":"https:\/\/orgel.alt-pankow.de\/index.php?rest_route=%2Fwp%2Fv2%2Fcategories&post=2009476"},{"taxonomy":"post_tag","embeddable":true,"href":"https:\/\/orgel.alt-pankow.de\/index.php?rest_route=%2Fwp%2Fv2%2Ftags&post=2009476"}],"curies":[{"name":"wp","href":"https:\/\/api.w.org\/{rel}","templated":true}]}}