{"id":2009413,"date":"2021-06-03T17:16:00","date_gmt":"2021-06-03T17:16:00","guid":{"rendered":"https:\/\/orgel.alt-pankow.de\/?p=2009413"},"modified":"2021-08-10T14:59:36","modified_gmt":"2021-08-10T14:59:36","slug":"mittwoch-den-20-oktober-%c2%b7-19-uhrstefano-vasselli-rom","status":"publish","type":"post","link":"https:\/\/orgel.alt-pankow.de\/?p=2009413","title":{"rendered":"20. Oktober \u00b7 19 Uhr<br><b>Stefano Vasselli <\/br>(Rom)<\/b><\/br>"},"content":{"rendered":"\n<h2 class=\"wp-block-heading\"><strong>Vier Italiener und Franz Liszt<\/strong> <\/h2>\n\n\n\n<p>Werke von Girolamo Frescobaldi, Giovanni Battista Pergolesi, Felice Moretti, Nino Rota und Franz Liszt<\/p>\n\n\n\n<p>Im ersten Konzertteil durchstreift Stefano Vasselli die italienische Orgelmusik \u00fcber vier Jahrhunderte vom Fr\u00fchbarock bis ins 20. Jahrhundert. Im zweiten Teil bringt er Franz Liszts monumentale Fantasie und Fuge \u00fcber den Choral \u201eAd nos, ad salutarem undam\u201c (1850) zu Geh\u00f6r.<\/p>\n\n\n\n<hr class=\"wp-block-separator\"\/>\n\n\n\n<figure class=\"wp-block-pullquote\"><blockquote><p>Eintritt frei! Wir bitten um Spenden f\u00fcr die Orgel.<\/p><\/blockquote><\/figure>\n\n\n\n<hr class=\"wp-block-separator\"\/>\n\n\n\n<p><strong>Stefano Vasselli<\/strong>,1969 in Rom geboren, absolvierte sein Musikstudium am Konservatorium Rom in Komposition, Orgel, Klavier und Chorleitung. Anschlie\u00dfend besuchte er Kurse in Gregorianik am P\u00e4pstlichen Institut f\u00fcr Kirchenmusik, Orgel-Meisterkurse, studierte privat in Paris und spezialisierte sich auf franz\u00f6sische Romantik. Der vielseitige Musiker leitet auch mehrere Ch\u00f6re, darunter \u201eThe New Chamber Singers\u201c und \u201eResAltera\u201c. Er komponiert Chor-, Kammer- und Orgelmusik, Kindermusik und arrangiert. Seine Heimatkirche St. Paul (Rom) erbl\u00fchte unter seiner musikalischen Leitung zu einem offenen Ort f\u00fcr K\u00fcnstler und Musiker aus der ganzen Welt. Auch der Gemeindechor und das <em>collegium instrumentale<\/em> Alt-Pankow sangen und spielten 2015 in der St. Paul-Kirche.<\/p>\n","protected":false},"excerpt":{"rendered":"<p>Vier Italiener und Franz Liszt Werke von Girolamo Frescobaldi, Giovanni Battista Pergolesi, Felice Moretti, Nino Rota und Franz Liszt Im ersten Konzertteil durchstreift&hellip;<\/p>\n","protected":false},"author":2,"featured_media":2009443,"comment_status":"closed","ping_status":"closed","sticky":false,"template":"","format":"standard","meta":{"spay_email":"","footnotes":"","jetpack_publicize_message":""},"categories":[363],"tags":[],"class_list":["post-2009413","post","type-post","status-publish","format-standard","has-post-thumbnail","hentry","category-orgelherbst-2021"],"jetpack_featured_media_url":"https:\/\/orgel.alt-pankow.de\/wp-content\/uploads\/2021\/08\/Stefano1sw.jpg","jetpack_publicize_connections":[],"jetpack_sharing_enabled":true,"jetpack_shortlink":"https:\/\/wp.me\/paVTHW-8qJT","_links":{"self":[{"href":"https:\/\/orgel.alt-pankow.de\/index.php?rest_route=\/wp\/v2\/posts\/2009413","targetHints":{"allow":["GET"]}}],"collection":[{"href":"https:\/\/orgel.alt-pankow.de\/index.php?rest_route=\/wp\/v2\/posts"}],"about":[{"href":"https:\/\/orgel.alt-pankow.de\/index.php?rest_route=\/wp\/v2\/types\/post"}],"author":[{"embeddable":true,"href":"https:\/\/orgel.alt-pankow.de\/index.php?rest_route=\/wp\/v2\/users\/2"}],"replies":[{"embeddable":true,"href":"https:\/\/orgel.alt-pankow.de\/index.php?rest_route=%2Fwp%2Fv2%2Fcomments&post=2009413"}],"version-history":[{"count":5,"href":"https:\/\/orgel.alt-pankow.de\/index.php?rest_route=\/wp\/v2\/posts\/2009413\/revisions"}],"predecessor-version":[{"id":2009472,"href":"https:\/\/orgel.alt-pankow.de\/index.php?rest_route=\/wp\/v2\/posts\/2009413\/revisions\/2009472"}],"wp:featuredmedia":[{"embeddable":true,"href":"https:\/\/orgel.alt-pankow.de\/index.php?rest_route=\/wp\/v2\/media\/2009443"}],"wp:attachment":[{"href":"https:\/\/orgel.alt-pankow.de\/index.php?rest_route=%2Fwp%2Fv2%2Fmedia&parent=2009413"}],"wp:term":[{"taxonomy":"category","embeddable":true,"href":"https:\/\/orgel.alt-pankow.de\/index.php?rest_route=%2Fwp%2Fv2%2Fcategories&post=2009413"},{"taxonomy":"post_tag","embeddable":true,"href":"https:\/\/orgel.alt-pankow.de\/index.php?rest_route=%2Fwp%2Fv2%2Ftags&post=2009413"}],"curies":[{"name":"wp","href":"https:\/\/api.w.org\/{rel}","templated":true}]}}