{"id":2009408,"date":"2021-07-13T17:06:00","date_gmt":"2021-07-13T17:06:00","guid":{"rendered":"https:\/\/orgel.alt-pankow.de\/?p=2009408"},"modified":"2021-10-25T10:57:18","modified_gmt":"2021-10-25T10:57:18","slug":"mittwoch-6-oktober-%c2%b7-19-uhranna-vavilkina-kino-babylon-berlin","status":"publish","type":"post","link":"https:\/\/orgel.alt-pankow.de\/?p=2009408","title":{"rendered":"6. Oktober \u00b7 19 Uhr<br><b>Anna Vavilkina <br>(Kino Babylon, Berlin)<\/b><\/br>"},"content":{"rendered":"\n<h2 class=\"wp-block-heading\"><strong>Improvisation in verschiedenen Stilen<\/strong><\/h2>\n\n\n\n<p>Anna Vavilkina improvisiert zun\u00e4chst u\u0308ber ein norddeutsches Pr\u00e4ludium, u\u0308ber Fl\u00f6tenuhrstu\u0308cke, ein Pr\u00e4ludium und Fuge und eine Suite im romantischen Stil.<br>Dann wird es spannend: Nach den festgelegten Improvisationen wird die Musikerin in den letzten 20 Konzertminuten spontan improvisieren. Dafu\u0308r bittet sie um Themen von den Zuh\u00f6rern.<\/p>\n\n\n\n<hr class=\"wp-block-separator\"\/>\n\n\n\n<figure class=\"wp-block-pullquote\"><blockquote><p>Eintritt frei! Wir bitten um Spenden f\u00fcr die Orgel.<\/p><\/blockquote><\/figure>\n\n\n\n<hr class=\"wp-block-separator\"\/>\n\n\n\n<p>Die aus Moskau stammende Organistin <strong>Anna Vavilkina<\/strong> ist die einzige angestellte Kinoorganistin in Deutschland (Kino Babylon). Sie studierte am Moskauer Konservatorium sowie in L\u00fcbeck und Detmold. Ihre Spezialit\u00e4t ist die Improvisation, sie war Finalistin bei mehreren internationalen Orgelwettbewerben f\u00fcr Improvisation.<br><\/p>\n\n\n\n<p>Im Januar 2020 spielte das das letzte Konzert auf der Alt-Pankower Jehmlich-Orgel und begeisterte das Publikum mit ihrer musikalischen Begleitung des Stummfilm-Klassikers \u00bbBerlin \u2013 Die Sinfonie der Gro\u00dfstadt\u00ab.<\/p>\n\n\n\n<p><\/p>\n\n\n\n<p><\/p>\n\n\n\n<p><\/p>\n\n\n\n<p><\/p>\n\n\n\n<p><\/p>\n","protected":false},"excerpt":{"rendered":"<p>Improvisation in verschiedenen Stilen Anna Vavilkina improvisiert zun\u00e4chst u\u0308ber ein norddeutsches Pr\u00e4ludium, u\u0308ber Fl\u00f6tenuhrstu\u0308cke, ein Pr\u00e4ludium und Fuge und eine Suite im romantischen&hellip;<\/p>\n","protected":false},"author":2,"featured_media":2009409,"comment_status":"closed","ping_status":"closed","sticky":false,"template":"","format":"standard","meta":{"spay_email":"","footnotes":"","jetpack_publicize_message":""},"categories":[363],"tags":[],"class_list":["post-2009408","post","type-post","status-publish","format-standard","has-post-thumbnail","hentry","category-orgelherbst-2021"],"jetpack_featured_media_url":"https:\/\/orgel.alt-pankow.de\/wp-content\/uploads\/2021\/08\/IMG-20210803-WA0004.jpg","jetpack_publicize_connections":[],"jetpack_sharing_enabled":true,"jetpack_shortlink":"https:\/\/wp.me\/paVTHW-8qJO","_links":{"self":[{"href":"https:\/\/orgel.alt-pankow.de\/index.php?rest_route=\/wp\/v2\/posts\/2009408","targetHints":{"allow":["GET"]}}],"collection":[{"href":"https:\/\/orgel.alt-pankow.de\/index.php?rest_route=\/wp\/v2\/posts"}],"about":[{"href":"https:\/\/orgel.alt-pankow.de\/index.php?rest_route=\/wp\/v2\/types\/post"}],"author":[{"embeddable":true,"href":"https:\/\/orgel.alt-pankow.de\/index.php?rest_route=\/wp\/v2\/users\/2"}],"replies":[{"embeddable":true,"href":"https:\/\/orgel.alt-pankow.de\/index.php?rest_route=%2Fwp%2Fv2%2Fcomments&post=2009408"}],"version-history":[{"count":8,"href":"https:\/\/orgel.alt-pankow.de\/index.php?rest_route=\/wp\/v2\/posts\/2009408\/revisions"}],"predecessor-version":[{"id":2009593,"href":"https:\/\/orgel.alt-pankow.de\/index.php?rest_route=\/wp\/v2\/posts\/2009408\/revisions\/2009593"}],"wp:featuredmedia":[{"embeddable":true,"href":"https:\/\/orgel.alt-pankow.de\/index.php?rest_route=\/wp\/v2\/media\/2009409"}],"wp:attachment":[{"href":"https:\/\/orgel.alt-pankow.de\/index.php?rest_route=%2Fwp%2Fv2%2Fmedia&parent=2009408"}],"wp:term":[{"taxonomy":"category","embeddable":true,"href":"https:\/\/orgel.alt-pankow.de\/index.php?rest_route=%2Fwp%2Fv2%2Fcategories&post=2009408"},{"taxonomy":"post_tag","embeddable":true,"href":"https:\/\/orgel.alt-pankow.de\/index.php?rest_route=%2Fwp%2Fv2%2Ftags&post=2009408"}],"curies":[{"name":"wp","href":"https:\/\/api.w.org\/{rel}","templated":true}]}}